{"id":300516,"date":"2026-04-30T12:00:00","date_gmt":"2026-04-30T10:00:00","guid":{"rendered":"https:\/\/www.tucomarca.com\/wordpress\/segunda\/?p=300516"},"modified":"2026-04-30T20:48:17","modified_gmt":"2026-04-30T18:48:17","slug":"la-generalitat-presenta-en-el-poligono-industrial-de-riba-roja-el-proyecto-valencia-comparte-coche-para-promover-la-movilidad-compartida","status":"publish","type":"post","link":"https:\/\/www.tucomarca.com\/wordpress\/segunda\/la-generalitat-presenta-en-el-poligono-industrial-de-riba-roja-el-proyecto-valencia-comparte-coche-para-promover-la-movilidad-compartida\/","title":{"rendered":"La Generalitat presenta en el pol\u00edgono industrial de Riba-roja el proyecto \u2018Val\u00e8ncia Comparte Coche\u2019 para promover la movilidad compartida"},"content":{"rendered":"\n<h3 class=\"wp-block-heading\">La iniciativa conecta\u00a0a conductores y pasajeros con recorridos similares, con\u00a0un beneficio econ\u00f3mico para los conductores y gratuito\u00a0para los pasajeros<\/h3>\n\n\n\n<h3 class=\"wp-block-heading\">El director general de Transporte y Log\u00edstica\u00a0incide en que permitir\u00e1 \u201cgenerar un tr\u00e1fico m\u00e1s fluido y reducir\u00e1 las emisiones contaminantes\u201d<\/h3>\n\n\n\n<p>La zona log\u00edstico-industrial de Riba-roja se une al proyecto \u2018Valencia comparte coche\u2019 impulsada desde la Vicepresidencia Tercera y Conselleria de Medio Ambiente, Infraestructuras, Territorio y de la Recuperaci\u00f3n. Se trata de una comunidad propia dentro de la aplicaci\u00f3n m\u00f3vil TRIBBU con el objetivo de fomentar una movilidad m\u00e1s eficiente y sostenible, facilitando los desplazamientos y reduciendo la huella de carbono.<\/p>\n\n\n<div class=\"wp-block-image\">\n<figure class=\"alignleft size-large is-resized\"><img loading=\"lazy\" decoding=\"async\" width=\"724\" height=\"1024\" src=\"https:\/\/www.tucomarca.com\/wordpress\/segunda\/wp-content\/uploads\/2026\/04\/AplicacionValenciaComparteCocheBonaire-724x1024.jpg\" alt=\"\" class=\"wp-image-300518\" style=\"width:339px;height:auto\" srcset=\"https:\/\/www.tucomarca.com\/wordpress\/segunda\/wp-content\/uploads\/2026\/04\/AplicacionValenciaComparteCocheBonaire-724x1024.jpg 724w, https:\/\/www.tucomarca.com\/wordpress\/segunda\/wp-content\/uploads\/2026\/04\/AplicacionValenciaComparteCocheBonaire-212x300.jpg 212w, https:\/\/www.tucomarca.com\/wordpress\/segunda\/wp-content\/uploads\/2026\/04\/AplicacionValenciaComparteCocheBonaire-768x1086.jpg 768w, https:\/\/www.tucomarca.com\/wordpress\/segunda\/wp-content\/uploads\/2026\/04\/AplicacionValenciaComparteCocheBonaire.jpg 886w\" sizes=\"auto, (max-width: 724px) 100vw, 724px\" \/><\/figure>\n<\/div>\n\n\n<p>El director general de Transporte y Log\u00edstica de Medio Ambiente, Manuel R\u00edos, ha presentado en el pol\u00edgono industrial esta herramienta, desarrollada por la empresa TRIBBU, que permite conectar a conductores y pasajeros con recorridos similares para reducir el n\u00famero de veh\u00edculos que circulan con un solo ocupante. Adem\u00e1s, garantiza la verificaci\u00f3n de los usuarios y mide tambi\u00e9n el impacto de cada trayecto compartido.<\/p>\n\n\n\n<p>As\u00ed lo ha explicado Manuel R\u00edos, quien ha matizado que este proyecto permitir\u00e1 \u201cgenerar un tr\u00e1fico m\u00e1s fluido y reducir\u00e1 las emisiones contaminantes\u201d, al mismo tiempo que se podr\u00e1 aumentar la tasa media de ocupaci\u00f3n del veh\u00edculo privado en Val\u00e8ncia y alrededores.<\/p>\n\n\n\n<p>Al acto ha asistido el concejal de Fomento Econ\u00f3mico y Empleo del Ayuntamiento de Riba-roja de T\u00faria, Jose \u00c1ngel Hern\u00e1ndez, y las diferentes entidades representantes de las empresas en la zona log\u00edstico-industrial (ASOCREVA, RIBA3, EGM PLV y Ribactiva).<\/p>\n\n\n\n<p>Cabe destacar que el \u00e1rea metropolitana de Valencia soporta cada d\u00eda 6,1 millones de desplazamientos y que un conductor puede pasar al a\u00f1o hasta 95 horas en atascos. Ahora se ofrece un beneficio econ\u00f3mico directo para compartir coche y contribuir a una mayor eficiencia y sostenibilidad del sistema de transporte.<\/p>\n\n\n\n<p>\u201cPara las personas, compartir trayecto supone reducir el gasto mensual en transporte, disminuir el estr\u00e9s asociado a los atascos y transformar el desplazamiento diario en una experiencia m\u00e1s eficiente y colaborativa\u201d, ha destacado el director general de Transportes.<\/p>\n\n\n\n<p>Esta herramienta va m\u00e1s all\u00e1 de una aplicaci\u00f3n, ya que ejemplifica el apoyo de la Generalitat a un proyecto p\u00fablico de coche compartido, no solo como una herramienta informal, sino como una opci\u00f3n estructurada y medible. En este sentido, la app garantiza la verificaci\u00f3n de los usuarios y mide tambi\u00e9n el impacto de cada trayecto compartido.<\/p>\n\n\n\n<p>Este beneficio proviene del sistema de los Certificados de Ahorro Energ\u00e9tico (CAEs), impulsado por el Ministerio de Transici\u00f3n Ecol\u00f3gica y Reto Demogr\u00e1fico, con el cual los conductores podr\u00e1n recibir 0,04 euros por kil\u00f3metro y pasajero.<\/p>\n\n\n\n<p>Por su parte, para las organizaciones implicadas, representa una herramienta concreta para reducir la huella de carbono y mejorar la accesibilidad de trabajadores, estudiantes y usuarios a grandes centros de actividad.<\/p>\n\n\n\n<p>El proyecto ya est\u00e1 disponible y se centra en seis zonas con una alta densidad de tr\u00e1fico, a parte del entorno de la zona industrial de Riba-roja, tambi\u00e9n el pol\u00edgono industrial Jaume I de Almussafes; el centro comercial Bonaire; el Hospital La Fe; el Campus de Burjassot de la Universitat de Val\u00e8ncia y la Ciudad Administrativa 9 d\u2019Octubre, aunque se estudia ampliarlo a m\u00e1s zonas en el futuro.<\/p>\n\n\n\n<p><strong>Plan Endavant<\/strong><\/p>\n\n\n\n<p>La puesta en marcha del proyecto se enmarca en la estrategia del Plan Endavant dise\u00f1ado para fomentar la reconstrucci\u00f3n y un nuevo escenario social y econ\u00f3mico tras las riadas, que contempla en su Iniciativa E.20.1 fomentar la implantaci\u00f3n del \u2018carpooling\u2019 en todos los grandes centros generadores de desplazamientos del \u00e1rea metropolitana, tales como universidades, pol\u00edgonos industriales, centros comerciales, ciudades administrativas, ciudades judiciales, recintos portuarios y aeroportuarios, etc.).<\/p>\n","protected":false},"excerpt":{"rendered":"<div class=\"mh-excerpt\">La iniciativa conecta\u00a0a conductores y pasajeros con recorridos similares, con\u00a0un beneficio econ\u00f3mico para los conductores y gratuito\u00a0para los pasajeros El director general de Transporte y Log\u00edstica\u00a0incide en que permitir\u00e1 \u201cgenerar un tr\u00e1fico m\u00e1s fluido y <a class=\"mh-excerpt-more\" href=\"https:\/\/www.tucomarca.com\/wordpress\/segunda\/la-generalitat-presenta-en-el-poligono-industrial-de-riba-roja-el-proyecto-valencia-comparte-coche-para-promover-la-movilidad-compartida\/\" title=\"La Generalitat presenta en el pol\u00edgono industrial de Riba-roja el proyecto \u2018Val\u00e8ncia Comparte Coche\u2019 para promover la movilidad compartida\">[+] <\/a><\/div>\n","protected":false},"author":12,"featured_media":300522,"comment_status":"closed","ping_status":"open","sticky":false,"template":"","format":"standard","meta":{"footnotes":""},"categories":[46,128,8,117,142,182,3,45],"tags":[10395,10716,23038,15023,24245],"class_list":{"0":"post-300516","1":"post","2":"type-post","3":"status-publish","4":"format-standard","5":"has-post-thumbnail","7":"category-camp-de-turia","8":"category-infraestructuras","9":"category-la-comarca","10":"category-medio-ambiente-la-comarca","11":"category-politica-la-comarca","12":"category-riba-roja","13":"category-seccion","14":"category-ventana","15":"tag-camp-de-turia","16":"tag-generalitat-valenciana","17":"tag-plan-endavant","18":"tag-riba-roja-de-turia","19":"tag-valencia-comparte-coche"},"_links":{"self":[{"href":"https:\/\/www.tucomarca.com\/wordpress\/segunda\/wp-json\/wp\/v2\/posts\/300516","targetHints":{"allow":["GET"]}}],"collection":[{"href":"https:\/\/www.tucomarca.com\/wordpress\/segunda\/wp-json\/wp\/v2\/posts"}],"about":[{"href":"https:\/\/www.tucomarca.com\/wordpress\/segunda\/wp-json\/wp\/v2\/types\/post"}],"author":[{"embeddable":true,"href":"https:\/\/www.tucomarca.com\/wordpress\/segunda\/wp-json\/wp\/v2\/users\/12"}],"replies":[{"embeddable":true,"href":"https:\/\/www.tucomarca.com\/wordpress\/segunda\/wp-json\/wp\/v2\/comments?post=300516"}],"version-history":[{"count":2,"href":"https:\/\/www.tucomarca.com\/wordpress\/segunda\/wp-json\/wp\/v2\/posts\/300516\/revisions"}],"predecessor-version":[{"id":300524,"href":"https:\/\/www.tucomarca.com\/wordpress\/segunda\/wp-json\/wp\/v2\/posts\/300516\/revisions\/300524"}],"wp:featuredmedia":[{"embeddable":true,"href":"https:\/\/www.tucomarca.com\/wordpress\/segunda\/wp-json\/wp\/v2\/media\/300522"}],"wp:attachment":[{"href":"https:\/\/www.tucomarca.com\/wordpress\/segunda\/wp-json\/wp\/v2\/media?parent=300516"}],"wp:term":[{"taxonomy":"category","embeddable":true,"href":"https:\/\/www.tucomarca.com\/wordpress\/segunda\/wp-json\/wp\/v2\/categories?post=300516"},{"taxonomy":"post_tag","embeddable":true,"href":"https:\/\/www.tucomarca.com\/wordpress\/segunda\/wp-json\/wp\/v2\/tags?post=300516"}],"curies":[{"name":"wp","href":"https:\/\/api.w.org\/{rel}","templated":true}]}}