{"id":300540,"date":"2026-04-30T10:30:00","date_gmt":"2026-04-30T08:30:00","guid":{"rendered":"https:\/\/www.tucomarca.com\/wordpress\/segunda\/?p=300540"},"modified":"2026-04-30T21:42:11","modified_gmt":"2026-04-30T19:42:11","slug":"el-pleno-de-cheste-aprueba-el-destino-de-mas-de-2-millones-de-euros-en-remanentes","status":"publish","type":"post","link":"https:\/\/www.tucomarca.com\/wordpress\/segunda\/el-pleno-de-cheste-aprueba-el-destino-de-mas-de-2-millones-de-euros-en-remanentes\/","title":{"rendered":"El pleno de Cheste aprueba el destino de m\u00e1s de 2 millones de euros en remanentes"},"content":{"rendered":"\n<h3 class=\"wp-block-heading\">El pleno aprob\u00f3 por unanimidad la inclusi\u00f3n de las fiestas del Orgullo Chestano en el calendario institucional del Ayuntamiento.<\/h3>\n\n\n\n<p>Cheste contar\u00e1 con m\u00e1s de dos millones de euros de remanente para inversiones, asociaciones, etc. As\u00ed lo ha aprobado el pleno ordinario del mes de abril, celebrado este mi\u00e9rcoles 29 de abril, con los votos a favor del equipo de gobierno, y sin votos en contra.<\/p>\n\n\n<div class=\"wp-block-image\">\n<figure class=\"alignleft size-large is-resized\"><img loading=\"lazy\" decoding=\"async\" width=\"1024\" height=\"683\" src=\"https:\/\/www.tucomarca.com\/wordpress\/segunda\/wp-content\/uploads\/2026\/04\/ChesteMarianbgelesLlorente-1024x683.jpg\" alt=\"\" class=\"wp-image-300545\" style=\"aspect-ratio:1.5;width:443px;height:auto\" srcset=\"https:\/\/www.tucomarca.com\/wordpress\/segunda\/wp-content\/uploads\/2026\/04\/ChesteMarianbgelesLlorente-1024x683.jpg 1024w, https:\/\/www.tucomarca.com\/wordpress\/segunda\/wp-content\/uploads\/2026\/04\/ChesteMarianbgelesLlorente-300x200.jpg 300w, https:\/\/www.tucomarca.com\/wordpress\/segunda\/wp-content\/uploads\/2026\/04\/ChesteMarianbgelesLlorente-768x512.jpg 768w, https:\/\/www.tucomarca.com\/wordpress\/segunda\/wp-content\/uploads\/2026\/04\/ChesteMarianbgelesLlorente.jpg 1344w\" sizes=\"auto, (max-width: 1024px) 100vw, 1024px\" \/><\/figure>\n<\/div>\n\n\n<p>En conjunto, el total de las incorporaciones presupuestarias asciende a <strong>2.185.000 euros<\/strong>. <strong>M\u00aa \u00c1ngeles Llorente, concejala de Hacienda<\/strong>,detall\u00f3 el destino de este remanente, como \u201clos gastos asociados a la DANA, por un importe de <strong>139.000 euros<\/strong> o las subvenciones destinadas a las distintas asociaciones del municipio, que ascienden aproximadamente a <strong>350.000 euros<\/strong>\u201d.<\/p>\n\n\n\n<p>Tambi\u00e9n se contempla un <strong>Plan de Empleo<\/strong>, cofinanciado junto con el Ministerio de Trabajo, con una dotaci\u00f3n aproximada de <strong>40.000 euros<\/strong>. A ello se suma la <strong>contrataci\u00f3n de un filtro de carbono<\/strong>, con una inversi\u00f3n de <strong>60.000 euros<\/strong>.<\/p>\n\n\n\n<p>Adem\u00e1s, se han incorporado diversas inversiones destinadas a mejorar infraestructuras y servicios municipales, como actuaciones en el <strong>Colegio Ana Lluch<\/strong>, mejoras en el <strong>alumbrado p\u00fablico<\/strong>, instalaci\u00f3n de <strong>juegos infantiles<\/strong>, acondicionamiento de <strong>rotondas<\/strong>, y la <strong>reforma de la Oficina de Atenci\u00f3n al Ciudadano<\/strong>.<\/p>\n\n\n<div class=\"wp-block-image\">\n<figure class=\"alignleft size-large is-resized\"><img loading=\"lazy\" decoding=\"async\" width=\"1024\" height=\"683\" src=\"https:\/\/www.tucomarca.com\/wordpress\/segunda\/wp-content\/uploads\/2026\/04\/ChestePlenoJoseMorell-1024x683.jpg\" alt=\"\" class=\"wp-image-300547\" style=\"aspect-ratio:1.5;width:437px;height:auto\" srcset=\"https:\/\/www.tucomarca.com\/wordpress\/segunda\/wp-content\/uploads\/2026\/04\/ChestePlenoJoseMorell-1024x683.jpg 1024w, https:\/\/www.tucomarca.com\/wordpress\/segunda\/wp-content\/uploads\/2026\/04\/ChestePlenoJoseMorell-300x200.jpg 300w, https:\/\/www.tucomarca.com\/wordpress\/segunda\/wp-content\/uploads\/2026\/04\/ChestePlenoJoseMorell-768x512.jpg 768w, https:\/\/www.tucomarca.com\/wordpress\/segunda\/wp-content\/uploads\/2026\/04\/ChestePlenoJoseMorell.jpg 1318w\" sizes=\"auto, (max-width: 1024px) 100vw, 1024px\" \/><\/figure>\n<\/div>\n\n\n<p><strong>Jos\u00e9 Morell<\/strong>, alcalde de Cheste, destac\u00f3 que este remanente puede destinarse libremente a las necesidades prioritarias de Cheste, lo que permite reforzar pol\u00edticas clave para el bienestar de la ciudadan\u00eda. En este sentido, subray\u00f3 que Cheste se sit\u00faa entre los municipios con mayor inversi\u00f3n dentro del Plan de Empleo del Ministerio de Trabajo.<\/p>\n\n\n\n<p>Asimismo, puso en valor la dotaci\u00f3n econ\u00f3mica prevista para hacer frente al pago de horas extraordinarias del personal municipal, una medida orientada a mejorar el funcionamiento de los servicios p\u00fablicos y a reconocer el esfuerzo de la plantilla.<\/p>\n\n\n\n<p><strong>El Orgullo chestano, incluido en el calendario institucional de Cheste<\/strong><\/p>\n\n\n\n<p>El pleno aprob\u00f3 por unanimidad una moci\u00f3n de apoyo a la Asociaci\u00f3n del Orgullo Chestano. La iniciativa fue defendida por la concejala de Igualdad, Btrenda Jim\u00e9nez, quien subray\u00f3 que se trata de \u201cuna moci\u00f3n necesaria por el impacto positivo de las acciones que desarrolla la asociaci\u00f3n, contribuyendo a construir un pueblo m\u00e1s igualitario y diverso\u201d.<\/p>\n\n\n\n<p>La moci\u00f3n propone la inclusi\u00f3n de los actos organizados por la Asociaci\u00f3n del Orgullo Chestano con motivo del Orgullo LGTBIQ+ como un evento institucional permanente en Cheste, garantizando su continuidad con independencia del equipo de gobierno que est\u00e9 al frente del Ayuntamiento en cada momento.<\/p>\n\n\n\n<p>Con esta aprobaci\u00f3n, refrendada con la presencia de integrantes del colectivo en el p\u00fablico, el consistorio reafirma su compromiso con la igualdad, la diversidad y la visibilizaci\u00f3n del colectivo LGTBIQ+ en el municipio.<\/p>\n\n\n\n<p>El pleno tambi\u00e9n aprob\u00f3 por unanimidad la adhesi\u00f3n a la Red de Gobernanza Local en la Comunidad Valenciana, que permitir\u00e1 la facilitaci\u00f3n en la llegada de nuevas subvenciones, as\u00ed como la moci\u00f3n de rechazo al acuerdo entre la UE y Mercosur.<\/p>\n\n\n\n<p>El alcalde dio la bienvenida a la nueva secretaria, <strong>Carmen Gimeno Subirats<\/strong>, que asisti\u00f3 por primera vez a una sesi\u00f3n plenaria del Ayuntamiento de Cheste.<\/p>\n","protected":false},"excerpt":{"rendered":"<div class=\"mh-excerpt\">El pleno aprob\u00f3 por unanimidad la inclusi\u00f3n de las fiestas del Orgullo Chestano en el calendario institucional del Ayuntamiento. Cheste contar\u00e1 con m\u00e1s de dos millones de euros de remanente para inversiones, asociaciones, etc. As\u00ed <a class=\"mh-excerpt-more\" href=\"https:\/\/www.tucomarca.com\/wordpress\/segunda\/el-pleno-de-cheste-aprueba-el-destino-de-mas-de-2-millones-de-euros-en-remanentes\/\" title=\"El pleno de Cheste aprueba el destino de m\u00e1s de 2 millones de euros en remanentes\">[+] <\/a><\/div>\n","protected":false},"author":1,"featured_media":300541,"comment_status":"closed","ping_status":"open","sticky":false,"template":"","format":"standard","meta":{"footnotes":""},"categories":[17,8,10,142,3],"tags":[339,5952,584],"class_list":{"0":"post-300540","1":"post","2":"type-post","3":"status-publish","4":"format-standard","5":"has-post-thumbnail","7":"category-cheste","8":"category-la-comarca","9":"category-la-hoya","10":"category-politica-la-comarca","11":"category-seccion","12":"tag-cheste-2","13":"tag-la-hoya-de-bunol-chiva","14":"tag-pleno"},"_links":{"self":[{"href":"https:\/\/www.tucomarca.com\/wordpress\/segunda\/wp-json\/wp\/v2\/posts\/300540","targetHints":{"allow":["GET"]}}],"collection":[{"href":"https:\/\/www.tucomarca.com\/wordpress\/segunda\/wp-json\/wp\/v2\/posts"}],"about":[{"href":"https:\/\/www.tucomarca.com\/wordpress\/segunda\/wp-json\/wp\/v2\/types\/post"}],"author":[{"embeddable":true,"href":"https:\/\/www.tucomarca.com\/wordpress\/segunda\/wp-json\/wp\/v2\/users\/1"}],"replies":[{"embeddable":true,"href":"https:\/\/www.tucomarca.com\/wordpress\/segunda\/wp-json\/wp\/v2\/comments?post=300540"}],"version-history":[{"count":3,"href":"https:\/\/www.tucomarca.com\/wordpress\/segunda\/wp-json\/wp\/v2\/posts\/300540\/revisions"}],"predecessor-version":[{"id":300552,"href":"https:\/\/www.tucomarca.com\/wordpress\/segunda\/wp-json\/wp\/v2\/posts\/300540\/revisions\/300552"}],"wp:featuredmedia":[{"embeddable":true,"href":"https:\/\/www.tucomarca.com\/wordpress\/segunda\/wp-json\/wp\/v2\/media\/300541"}],"wp:attachment":[{"href":"https:\/\/www.tucomarca.com\/wordpress\/segunda\/wp-json\/wp\/v2\/media?parent=300540"}],"wp:term":[{"taxonomy":"category","embeddable":true,"href":"https:\/\/www.tucomarca.com\/wordpress\/segunda\/wp-json\/wp\/v2\/categories?post=300540"},{"taxonomy":"post_tag","embeddable":true,"href":"https:\/\/www.tucomarca.com\/wordpress\/segunda\/wp-json\/wp\/v2\/tags?post=300540"}],"curies":[{"name":"wp","href":"https:\/\/api.w.org\/{rel}","templated":true}]}}