{"id":30073,"date":"2014-08-18T12:30:33","date_gmt":"2014-08-18T09:30:33","guid":{"rendered":"http:\/\/www.tucomarca.com\/wordpress\/segunda\/?p=30073"},"modified":"2014-08-18T12:30:36","modified_gmt":"2014-08-18T09:30:36","slug":"el-festival-internacional-de-musica-y-danza-llega-a-ayora-con-el-folclore-de-uruguay-senegal-y-nepal","status":"publish","type":"post","link":"https:\/\/www.tucomarca.com\/wordpress\/segunda\/el-festival-internacional-de-musica-y-danza-llega-a-ayora-con-el-folclore-de-uruguay-senegal-y-nepal\/","title":{"rendered":"El Festival Internacional de M\u00fasica y Danza llega a Ayora con el folclore de Uruguay, Senegal y Nepal"},"content":{"rendered":"<p><a href=\"https:\/\/www.tucomarca.com\/wordpress\/segunda\/2014\/08\/el-festival-internacional-de-musica-y-danza-llega-a-ayora-con-el-folclore-de-uruguay-senegal-y-nepal\/uruguay-3\/\" rel=\"attachment wp-att-30074\"><img loading=\"lazy\" decoding=\"async\" src=\"https:\/\/www.tucomarca.com\/wordpress\/segunda\/wp-content\/uploads\/2014\/08\/uruguay-3-300x200.jpg\" alt=\"\" title=\"uruguay 3\" width=\"300\" height=\"200\" class=\"alignleft size-medium wp-image-30074\" srcset=\"https:\/\/www.tucomarca.com\/wordpress\/segunda\/wp-content\/uploads\/2014\/08\/uruguay-3-300x200.jpg 300w, https:\/\/www.tucomarca.com\/wordpress\/segunda\/wp-content\/uploads\/2014\/08\/uruguay-3.jpg 960w\" sizes=\"auto, (max-width: 300px) 100vw, 300px\" \/><\/a>El XV Festival Internacional de M\u00fasica y Danza Tradicional, que organiza la Federaci\u00f3n de Folcore de la Comunidad Valenciana en colaboraci\u00f3n con el consistorio ayorense y la diputaci\u00f3n provincial, llega este lunes a una de las localidades del interior de las comarcas valencianas, la de Ayora, con la actuaci\u00f3n del grupo de Uruguay al que seguir\u00e1n el de Senegal y Nepal en las jornadas del martes y m\u00edercoles.<\/p>\n<p>El auditorio municipal es el foro escogido para celebrar las representaciones de los tres grupos que \u00e9ste a\u00f1o hacen acto de presencia en estas tierras valencianas famosas por celebrar una feria gastron\u00f3mica de la miel y que en octubre alcanza la XIV edici\u00f3n.<\/p>\n<p>El grupo Tierra Adentro comenz\u00f3 en Rio de la Plata. \u201cEs una compa\u00f1\u00eda de danza independiente fundada en enero de 2010 que busca rescatar lo m\u00e1s valioso de las tradiciones regionales uruguayas\u201d, seg\u00fan afirma desde el grupo que integran 14 bailarines y dirige el core\u00f3grafo y bailar\u00edn Carlos Borthagaray.<\/p>\n<p>La compa\u00f1\u00eda tiene como objetivo principal promover y difundir la integraci\u00f3n de la cultura regional e internacional trav\u00e9s de un repertorio de folklore rioplatense y uruguayo en sus tres niveles de proyecci\u00f3n: Tradicional, estilizado y libre. <\/p>\n<p>Algunas de las danzas que se interpretan son: Chacarera, gato, escondido, zamba, chimarrita, firmeza, chotis, polca, malambo, boleadoras, boleadoras de fuego, bombo leg\u00fcero; fusionado con danza contempor\u00e1nea, y elementos de danza afro directamente relacionados a las leyendas m\u00e1s ancestrales uruguayas.<\/p>\n<p>El senegal\u00e9s Kassoumaye de Dalifort y el de Nepal actuar\u00e1n las jornadas del 19 y 20 de agosto en el mismo lugar.<\/p>\n","protected":false},"excerpt":{"rendered":"<div class=\"mh-excerpt\">El XV Festival Internacional de M\u00fasica y Danza Tradicional, que organiza la Federaci\u00f3n de Folcore de la Comunidad Valenciana en colaboraci\u00f3n con el consistorio ayorense y la diputaci\u00f3n provincial, llega este lunes a una de <a class=\"mh-excerpt-more\" href=\"https:\/\/www.tucomarca.com\/wordpress\/segunda\/el-festival-internacional-de-musica-y-danza-llega-a-ayora-con-el-folclore-de-uruguay-senegal-y-nepal\/\" title=\"El Festival Internacional de M\u00fasica y Danza llega a Ayora con el folclore de Uruguay, Senegal y Nepal\">[+] <\/a><\/div>\n","protected":false},"author":2,"featured_media":30074,"comment_status":"open","ping_status":"open","sticky":false,"template":"","format":"standard","meta":{"footnotes":""},"categories":[39,38,8,3],"tags":[10391,5563,5564],"class_list":{"0":"post-30073","1":"post","2":"type-post","3":"status-publish","4":"format-standard","5":"has-post-thumbnail","7":"category-ayora","8":"category-ayora-cofrentes","9":"category-la-comarca","10":"category-seccion","11":"tag-ayora","12":"tag-festival-internacional","13":"tag-musica-y-danza"},"_links":{"self":[{"href":"https:\/\/www.tucomarca.com\/wordpress\/segunda\/wp-json\/wp\/v2\/posts\/30073","targetHints":{"allow":["GET"]}}],"collection":[{"href":"https:\/\/www.tucomarca.com\/wordpress\/segunda\/wp-json\/wp\/v2\/posts"}],"about":[{"href":"https:\/\/www.tucomarca.com\/wordpress\/segunda\/wp-json\/wp\/v2\/types\/post"}],"author":[{"embeddable":true,"href":"https:\/\/www.tucomarca.com\/wordpress\/segunda\/wp-json\/wp\/v2\/users\/2"}],"replies":[{"embeddable":true,"href":"https:\/\/www.tucomarca.com\/wordpress\/segunda\/wp-json\/wp\/v2\/comments?post=30073"}],"version-history":[{"count":0,"href":"https:\/\/www.tucomarca.com\/wordpress\/segunda\/wp-json\/wp\/v2\/posts\/30073\/revisions"}],"wp:featuredmedia":[{"embeddable":true,"href":"https:\/\/www.tucomarca.com\/wordpress\/segunda\/wp-json\/wp\/v2\/media\/30074"}],"wp:attachment":[{"href":"https:\/\/www.tucomarca.com\/wordpress\/segunda\/wp-json\/wp\/v2\/media?parent=30073"}],"wp:term":[{"taxonomy":"category","embeddable":true,"href":"https:\/\/www.tucomarca.com\/wordpress\/segunda\/wp-json\/wp\/v2\/categories?post=30073"},{"taxonomy":"post_tag","embeddable":true,"href":"https:\/\/www.tucomarca.com\/wordpress\/segunda\/wp-json\/wp\/v2\/tags?post=30073"}],"curies":[{"name":"wp","href":"https:\/\/api.w.org\/{rel}","templated":true}]}}