{"id":30143,"date":"2014-08-20T19:10:38","date_gmt":"2014-08-20T16:10:38","guid":{"rendered":"http:\/\/www.tucomarca.com\/wordpress\/segunda\/?p=30143"},"modified":"2014-08-20T19:10:38","modified_gmt":"2014-08-20T16:10:38","slug":"el-atletico-requenense-celebra-el-primer-trofeo-solidario-de-futbol","status":"publish","type":"post","link":"https:\/\/www.tucomarca.com\/wordpress\/segunda\/el-atletico-requenense-celebra-el-primer-trofeo-solidario-de-futbol\/","title":{"rendered":"El Atl\u00e9tico Requenense celebra el Primer Trofeo Solidario de f\u00fatbol"},"content":{"rendered":"<p>Este domingo 24 se celebrar\u00e1 a las 18 horas en el campo Tom\u00e1s Berlanga de Requena el Primer Trofeo Solidario de f\u00fatbol organizado por el Atl\u00e9tico Requenense. El coste de la entrada se destinar\u00e1 a apoyar a la Asociaci\u00f3n de Familiares Enfermos de Alzheimer.<br \/>\nEn este mismo acto se presentar\u00e1 oficialmente al equipo.<\/p>\n","protected":false},"excerpt":{"rendered":"<div class=\"mh-excerpt\">Este domingo 24 se celebrar\u00e1 a las 18 horas en el campo Tom\u00e1s Berlanga de Requena el Primer Trofeo Solidario de f\u00fatbol organizado por el Atl\u00e9tico Requenense. El coste de la entrada se destinar\u00e1 a <a class=\"mh-excerpt-more\" href=\"https:\/\/www.tucomarca.com\/wordpress\/segunda\/el-atletico-requenense-celebra-el-primer-trofeo-solidario-de-futbol\/\" title=\"El Atl\u00e9tico Requenense celebra el Primer Trofeo Solidario de f\u00fatbol\">[+] <\/a><\/div>\n","protected":false},"author":2,"featured_media":0,"comment_status":"open","ping_status":"open","sticky":false,"template":"","format":"standard","meta":{"footnotes":""},"categories":[4,3],"tags":[5598,5601,5600,5599],"class_list":{"0":"post-30143","1":"post","2":"type-post","3":"status-publish","4":"format-standard","6":"category-agenda","7":"category-seccion","8":"tag-atletico-requenense","9":"tag-campo-tomas-berlanga","10":"tag-domingo-24","11":"tag-primer-trofeo-solidario"},"_links":{"self":[{"href":"https:\/\/www.tucomarca.com\/wordpress\/segunda\/wp-json\/wp\/v2\/posts\/30143","targetHints":{"allow":["GET"]}}],"collection":[{"href":"https:\/\/www.tucomarca.com\/wordpress\/segunda\/wp-json\/wp\/v2\/posts"}],"about":[{"href":"https:\/\/www.tucomarca.com\/wordpress\/segunda\/wp-json\/wp\/v2\/types\/post"}],"author":[{"embeddable":true,"href":"https:\/\/www.tucomarca.com\/wordpress\/segunda\/wp-json\/wp\/v2\/users\/2"}],"replies":[{"embeddable":true,"href":"https:\/\/www.tucomarca.com\/wordpress\/segunda\/wp-json\/wp\/v2\/comments?post=30143"}],"version-history":[{"count":0,"href":"https:\/\/www.tucomarca.com\/wordpress\/segunda\/wp-json\/wp\/v2\/posts\/30143\/revisions"}],"wp:attachment":[{"href":"https:\/\/www.tucomarca.com\/wordpress\/segunda\/wp-json\/wp\/v2\/media?parent=30143"}],"wp:term":[{"taxonomy":"category","embeddable":true,"href":"https:\/\/www.tucomarca.com\/wordpress\/segunda\/wp-json\/wp\/v2\/categories?post=30143"},{"taxonomy":"post_tag","embeddable":true,"href":"https:\/\/www.tucomarca.com\/wordpress\/segunda\/wp-json\/wp\/v2\/tags?post=30143"}],"curies":[{"name":"wp","href":"https:\/\/api.w.org\/{rel}","templated":true}]}}