{"id":30166,"date":"2014-08-21T19:13:35","date_gmt":"2014-08-21T16:13:35","guid":{"rendered":"http:\/\/www.tucomarca.com\/wordpress\/segunda\/?p=30166"},"modified":"2014-08-21T19:13:39","modified_gmt":"2014-08-21T16:13:39","slug":"utiel-acoge-la-actuacion-del-grupo-ruso-uzory-en-la-xv-edicion-del-festival-de-folclore-dentro-de-los-actos-de-cultura-bajo-la-luna","status":"publish","type":"post","link":"https:\/\/www.tucomarca.com\/wordpress\/segunda\/utiel-acoge-la-actuacion-del-grupo-ruso-uzory-en-la-xv-edicion-del-festival-de-folclore-dentro-de-los-actos-de-cultura-bajo-la-luna\/","title":{"rendered":"Utiel acoge la actuaci\u00f3n del grupo ruso Uzory en la XV edici\u00f3n del Festival de Folclore dentro de los actos de \u00abCultura bajo la luna\u00bb"},"content":{"rendered":"<p><a href=\"https:\/\/www.tucomarca.com\/wordpress\/segunda\/2014\/08\/utiel-acoge-la-actuacion-del-grupo-ruso-uzory-en-la-xv-edicion-del-festival-de-folclore-dentro-de-los-actos-de-cultura-bajo-la-luna\/olympus-digital-camera-96\/\" rel=\"attachment wp-att-30167\"><img loading=\"lazy\" decoding=\"async\" src=\"https:\/\/www.tucomarca.com\/wordpress\/segunda\/wp-content\/uploads\/2014\/08\/P8189021-border-300x225.jpg\" alt=\"\" title=\"OLYMPUS DIGITAL CAMERA\" width=\"300\" height=\"225\" class=\"alignleft size-medium wp-image-30167\" srcset=\"https:\/\/www.tucomarca.com\/wordpress\/segunda\/wp-content\/uploads\/2014\/08\/P8189021-border-300x225.jpg 300w, https:\/\/www.tucomarca.com\/wordpress\/segunda\/wp-content\/uploads\/2014\/08\/P8189021-border.jpg 800w\" sizes=\"auto, (max-width: 300px) 100vw, 300px\" \/><\/a>Utiel, X\u00e0bia y San Vivente del Raspeig son las tres poblaciones de la Comunidad Valeciana donde en la jornada del 22 de agosto recalar\u00e1 el XV Festival Internacional de Folclore de la Comunidad Valenciana, un evento organizado por la Federaci\u00f3n de Folclore de la Comunidad Valenciana que patrocinan las diputaciones de Valencia, y la marca Terra i Mar; la de Alicante y cuenta con la colaboraci\u00f3n de la Conselleria de Cultura de la Generalitat Valenciana y de los ayuntamientos donde tiene lugar.<\/p>\n<p>Utiel ser\u00e1 el primero de esos tres de las comarcas valencianas donde el evento de hoy tenga lugar en un acto que organiza la comisi\u00f3n sectorial de Cultura del consistorio utielano. Ser\u00e1 a las 23 horas en la plaza del Ayuntamiento dentro de lo actos de \u201cCultura bajo la luna\u201d y vendr\u00e1 de la mano del grupo Uzory, bajo la direcci\u00f3n de Valentina Lebedva, de la ciudad rusa de Alexandrov. Es un grupo de 27 personas de los cuales 18 son los bailarines, dos son los cantantes y siete los m\u00fasicos<\/p>\n<p>Ellos ser\u00e1n quienes sobre el escenario den vida a las composiciones coeogr\u00e1ficas que reflejan la vida y cosumbres de la regi\u00f3n de Vladimir, de donde proceden, con piezas como \u201cYzory\u201d, \u201cBaryniy\u201d, \u201cKalinka\u201d, \u201cGusachok\u201d, o \u201cValenki\u201d. La interpretaci\u00f3n de lo bailes con los trajes t\u00edpicos sacar\u00e1 a la luz su viva expresi\u00f3n del car\u00e1cter y temperamento de quienes viven en esa zona a tantos kil\u00f3metros de distancia de la poblaci\u00f3n utielana.<\/p>\n<p>El presidente de la federaci\u00f3n, Manuel Camarasa, espera que la actuaci\u00f3n del grupo ruso de la talla de lo que ellos son. \u201cEs uno de los grupos de folclore m\u00e1s importantes de Rusia. Los utielanos podr\u00e1n conocer como es esa parte de la cultura y los componentes del grupo conocer\u00e1n de cerca las diversas partes tur\u00edsticas m\u00e1s importantes de la ciudad. Esperamos una buena respuesta de los vecinos y de quienes est\u00e9n en Utiel\u201d<\/p>\n<p>Nepal act\u00faa en X\u00e0bia y Kassoyumaye en San Vicente del Raspeig<\/p>\n<p>En X\u00e0bia la actuaci\u00f3n viene de la mano del grupo Everest Cultural Culture Group que actuar\u00e1 a las 22 horas en el paseo del Puerto y en San Vicente del Raspeig ser\u00e1 el grupo senegal\u00e9s Kassoyumaye quien lo haga en el audiotiro del Centro Social a la medianoche. Entre las piezas que interpretar\u00e1n figuran Coucou, Timini, Tam-Tam Magie o Futampe, que quiere decir circuncisi\u00f3n en los diolas.  <\/p>\n","protected":false},"excerpt":{"rendered":"<div class=\"mh-excerpt\">Utiel, X\u00e0bia y San Vivente del Raspeig son las tres poblaciones de la Comunidad Valeciana donde en la jornada del 22 de agosto recalar\u00e1 el XV Festival Internacional de Folclore de la Comunidad Valenciana, un <a class=\"mh-excerpt-more\" href=\"https:\/\/www.tucomarca.com\/wordpress\/segunda\/utiel-acoge-la-actuacion-del-grupo-ruso-uzory-en-la-xv-edicion-del-festival-de-folclore-dentro-de-los-actos-de-cultura-bajo-la-luna\/\" title=\"Utiel acoge la actuaci\u00f3n del grupo ruso Uzory en la XV edici\u00f3n del Festival de Folclore dentro de los actos de \u00abCultura bajo la luna\u00bb\">[+] <\/a><\/div>\n","protected":false},"author":2,"featured_media":30167,"comment_status":"open","ping_status":"open","sticky":false,"template":"","format":"standard","meta":{"footnotes":""},"categories":[4,8,27,3,29],"tags":[5563,5610,10389],"class_list":{"0":"post-30166","1":"post","2":"type-post","3":"status-publish","4":"format-standard","5":"has-post-thumbnail","7":"category-agenda","8":"category-la-comarca","9":"category-requena-utiel","10":"category-seccion","11":"category-utiel","12":"tag-festival-internacional","13":"tag-folclore","14":"tag-utiel"},"_links":{"self":[{"href":"https:\/\/www.tucomarca.com\/wordpress\/segunda\/wp-json\/wp\/v2\/posts\/30166","targetHints":{"allow":["GET"]}}],"collection":[{"href":"https:\/\/www.tucomarca.com\/wordpress\/segunda\/wp-json\/wp\/v2\/posts"}],"about":[{"href":"https:\/\/www.tucomarca.com\/wordpress\/segunda\/wp-json\/wp\/v2\/types\/post"}],"author":[{"embeddable":true,"href":"https:\/\/www.tucomarca.com\/wordpress\/segunda\/wp-json\/wp\/v2\/users\/2"}],"replies":[{"embeddable":true,"href":"https:\/\/www.tucomarca.com\/wordpress\/segunda\/wp-json\/wp\/v2\/comments?post=30166"}],"version-history":[{"count":0,"href":"https:\/\/www.tucomarca.com\/wordpress\/segunda\/wp-json\/wp\/v2\/posts\/30166\/revisions"}],"wp:featuredmedia":[{"embeddable":true,"href":"https:\/\/www.tucomarca.com\/wordpress\/segunda\/wp-json\/wp\/v2\/media\/30167"}],"wp:attachment":[{"href":"https:\/\/www.tucomarca.com\/wordpress\/segunda\/wp-json\/wp\/v2\/media?parent=30166"}],"wp:term":[{"taxonomy":"category","embeddable":true,"href":"https:\/\/www.tucomarca.com\/wordpress\/segunda\/wp-json\/wp\/v2\/categories?post=30166"},{"taxonomy":"post_tag","embeddable":true,"href":"https:\/\/www.tucomarca.com\/wordpress\/segunda\/wp-json\/wp\/v2\/tags?post=30166"}],"curies":[{"name":"wp","href":"https:\/\/api.w.org\/{rel}","templated":true}]}}