{"id":3025,"date":"2012-06-05T17:54:36","date_gmt":"2012-06-05T15:54:36","guid":{"rendered":"http:\/\/www.tucomarca.com\/wordpress\/segunda\/?p=3025"},"modified":"2012-06-05T17:55:04","modified_gmt":"2012-06-05T15:55:04","slug":"chiva-y-gestalgar-mejoran-la-seguridad-vial-de-su-carretera","status":"publish","type":"post","link":"https:\/\/www.tucomarca.com\/wordpress\/segunda\/chiva-y-gestalgar-mejoran-la-seguridad-vial-de-su-carretera\/","title":{"rendered":"Chiva y Gestalgar mejoran la seguridad vial de su carretera"},"content":{"rendered":"<figure id=\"attachment_3026\" aria-describedby=\"caption-attachment-3026\" style=\"width: 413px\" class=\"wp-caption alignleft\"><a href=\"https:\/\/www.tucomarca.com\/wordpress\/segunda\/wp-content\/uploads\/2012\/06\/croquis.jpg\"><img loading=\"lazy\" decoding=\"async\" class=\"size-full wp-image-3026\" title=\"croquis\" src=\"https:\/\/www.tucomarca.com\/wordpress\/segunda\/wp-content\/uploads\/2012\/06\/croquis.jpg\" alt=\"Croquis en el que se detalla la zona afectada por las obras.\" width=\"413\" height=\"292\" srcset=\"https:\/\/www.tucomarca.com\/wordpress\/segunda\/wp-content\/uploads\/2012\/06\/croquis.jpg 413w, https:\/\/www.tucomarca.com\/wordpress\/segunda\/wp-content\/uploads\/2012\/06\/croquis-300x212.jpg 300w\" sizes=\"auto, (max-width: 413px) 100vw, 413px\" \/><\/a><figcaption id=\"caption-attachment-3026\" class=\"wp-caption-text\">Croquis en el que se detalla la zona afectada por las obras.<\/figcaption><\/figure>\n<p>El \u00e1rea de Carreteras de la Diputaci\u00f3n de Valencia cortar\u00e1 al tr\u00e1fico la carretera CV-379 de Chiva a Gestalgar, desde el pk 5+700 (intersecci\u00f3n con la CV-381) al pk 20+570 (fin de carretera), el pr\u00f3ximo lunes 11 de junio al viernes 14 de junio (ambos inclusive), debido a la realizaci\u00f3n de obras de refuerzo del firme.<\/p>\n<p>El departamento de la Diputaci\u00f3n propone como itinerario alternativo el paso por la carretera CV-381 y CV-377, como se puede observar en el croquis adjunto.<\/p>\n<p>El corte se producir\u00e1 debido a la estrechez de la v\u00eda y para conseguir agilizar la ejecuci\u00f3n de los trabajos con las debidas garant\u00edas de seguridad, tanto para el tr\u00e1fico rodado como para los propios trabajadores.<\/p>\n<p>El horario previsto es de 8:00 a 21:00 horas, intervalo en el que s\u00f3lo se permitir\u00e1 el acceso a los vecinos de la zona.<\/p>\n","protected":false},"excerpt":{"rendered":"<div class=\"mh-excerpt\">El \u00e1rea de Carreteras de la Diputaci\u00f3n de Valencia cortar\u00e1 al tr\u00e1fico la carretera CV-379 de Chiva a Gestalgar, desde el pk 5+700 (intersecci\u00f3n con la CV-381) al pk 20+570 (fin de carretera), el pr\u00f3ximo <a class=\"mh-excerpt-more\" href=\"https:\/\/www.tucomarca.com\/wordpress\/segunda\/chiva-y-gestalgar-mejoran-la-seguridad-vial-de-su-carretera\/\" title=\"Chiva y Gestalgar mejoran la seguridad vial de su carretera\">[+] <\/a><\/div>\n","protected":false},"author":1,"featured_media":3026,"comment_status":"open","ping_status":"open","sticky":false,"template":"","format":"standard","meta":{"footnotes":""},"categories":[16,193,128,8,10,59,3],"tags":[],"class_list":{"0":"post-3025","1":"post","2":"type-post","3":"status-publish","4":"format-standard","5":"has-post-thumbnail","7":"category-chiva","8":"category-gestalgar","9":"category-infraestructuras","10":"category-la-comarca","11":"category-la-hoya","12":"category-los-serranos","13":"category-seccion"},"_links":{"self":[{"href":"https:\/\/www.tucomarca.com\/wordpress\/segunda\/wp-json\/wp\/v2\/posts\/3025","targetHints":{"allow":["GET"]}}],"collection":[{"href":"https:\/\/www.tucomarca.com\/wordpress\/segunda\/wp-json\/wp\/v2\/posts"}],"about":[{"href":"https:\/\/www.tucomarca.com\/wordpress\/segunda\/wp-json\/wp\/v2\/types\/post"}],"author":[{"embeddable":true,"href":"https:\/\/www.tucomarca.com\/wordpress\/segunda\/wp-json\/wp\/v2\/users\/1"}],"replies":[{"embeddable":true,"href":"https:\/\/www.tucomarca.com\/wordpress\/segunda\/wp-json\/wp\/v2\/comments?post=3025"}],"version-history":[{"count":0,"href":"https:\/\/www.tucomarca.com\/wordpress\/segunda\/wp-json\/wp\/v2\/posts\/3025\/revisions"}],"wp:featuredmedia":[{"embeddable":true,"href":"https:\/\/www.tucomarca.com\/wordpress\/segunda\/wp-json\/wp\/v2\/media\/3026"}],"wp:attachment":[{"href":"https:\/\/www.tucomarca.com\/wordpress\/segunda\/wp-json\/wp\/v2\/media?parent=3025"}],"wp:term":[{"taxonomy":"category","embeddable":true,"href":"https:\/\/www.tucomarca.com\/wordpress\/segunda\/wp-json\/wp\/v2\/categories?post=3025"},{"taxonomy":"post_tag","embeddable":true,"href":"https:\/\/www.tucomarca.com\/wordpress\/segunda\/wp-json\/wp\/v2\/tags?post=3025"}],"curies":[{"name":"wp","href":"https:\/\/api.w.org\/{rel}","templated":true}]}}