{"id":3030,"date":"2012-06-05T18:19:14","date_gmt":"2012-06-05T16:19:14","guid":{"rendered":"http:\/\/www.tucomarca.com\/wordpress\/segunda\/?p=3030"},"modified":"2012-06-05T18:19:14","modified_gmt":"2012-06-05T16:19:14","slug":"la-diputacion-de-valencia-recoge-la-oferta-natural-de-la-provincia-en-32-guias","status":"publish","type":"post","link":"https:\/\/www.tucomarca.com\/wordpress\/segunda\/la-diputacion-de-valencia-recoge-la-oferta-natural-de-la-provincia-en-32-guias\/","title":{"rendered":"La Diputaci\u00f3n de Valencia recoge la oferta natural de la provincia en 32 gu\u00edas"},"content":{"rendered":"<figure id=\"attachment_3031\" aria-describedby=\"caption-attachment-3031\" style=\"width: 300px\" class=\"wp-caption alignleft\"><a href=\"https:\/\/www.tucomarca.com\/wordpress\/segunda\/wp-content\/uploads\/2012\/06\/guias.jpg\"><img loading=\"lazy\" decoding=\"async\" class=\"size-medium wp-image-3031\" title=\"guias\" src=\"https:\/\/www.tucomarca.com\/wordpress\/segunda\/wp-content\/uploads\/2012\/06\/guias-300x161.jpg\" alt=\"Participantes en la presentaci\u00f3n de las gu\u00edas.\" width=\"300\" height=\"161\" srcset=\"https:\/\/www.tucomarca.com\/wordpress\/segunda\/wp-content\/uploads\/2012\/06\/guias-300x161.jpg 300w, https:\/\/www.tucomarca.com\/wordpress\/segunda\/wp-content\/uploads\/2012\/06\/guias-1024x549.jpg 1024w\" sizes=\"auto, (max-width: 300px) 100vw, 300px\" \/><\/a><figcaption id=\"caption-attachment-3031\" class=\"wp-caption-text\">Participantes en la presentaci\u00f3n de las gu\u00edas.<\/figcaption><\/figure>\n<p>La Diputaci\u00f3n de Valencia, con motivo del D\u00eda Mundial del Medio Ambiente, ha presentado esta ma\u00f1ana la Gu\u00eda de Parajes Naturales Municipales de la provincia de Valencia, una nueva apuesta de promoci\u00f3n medioambiental y tur\u00edstica que re\u00fane el patrimonio natural de 31 municipios de la provincia, tal como ha informado el diputado de Medio Ambiente, Salvador Enguix.<\/p>\n<p>En la Sala Alfons el Magn\u00e0nim del Centre Cultural la Benefic\u00e8ncia como escenario, el responsable de Medio Ambiente, acompa\u00f1ado por la secretaria auton\u00f3mica de Territorio, Medio Ambiente y Paisajes, Aranzazu Mu\u00f1oz, y el jefe de Difusi\u00f3n Ambiental de la corporaci\u00f3n provincial Miguel Mu\u00f1oz, ha dado a conocer este proyecto que pretende \u00abfomentar la sensibilizaci\u00f3n hacia la naturaleza y cumplir el lema del D\u00eda Mundial del Medio Ambiente -Una econom\u00eda verde mejora el bienestar humano- mediante la difusi\u00f3n y la promoci\u00f3n\u00bb, ha aseverado Enguix.<\/p>\n<p>Las publicaciones, que se han repartido entre la treintena de alcaldes que han acudido a la presentaci\u00f3n, recoge toda la informaci\u00f3n necesaria para conocer cada territorio. As\u00ed, los folletos \u00abexplican a los visitantes c\u00f3mo llegar al destino, qu\u00e9 rutas ofrece, cu\u00e1l es su gastronom\u00eda y las posibilidades de alojamiento que dispone la poblaci\u00f3n\u00bb, ha informado el diputado.<\/p>\n<p>Para Salvador Enguix, esta iniciativa \u00abser\u00e1 muy beneficiosa para las localidades participantes\u00bb puesto que \u00abvende la riqueza natural de los municipios e impulsa las econom\u00edas locales\u00bb.<\/p>\n<p><strong>Espacios protegidos<\/strong><\/p>\n<p>Para la secretaria auton\u00f3mica, Aranzazu Mu\u00f1oz, estas 32 publicaciones, editadas por la Diputaci\u00f3n de Valencia (29 en castellano y 21 en valenciano) e impulsadas por la conseller\u00eda de Infraestructuras y Desarrollo, \u00abotorgar\u00e1n una mayor proximidad a los enclaves paisaj\u00edsticos valencianos\u00bb, que son, seg\u00fan palabras de la secretaria \u00abespacios protegidos, de gran valor natural y cultural y muy queridos por sus vecinos\u00bb, ha declarado.<\/p>\n<p>\u00abLa Comunitat Valenciana dispone de 65 parajes protegidos, 32 de los cuales pertenecen a la provincia de Valencia\u00bb, ha informado Mu\u00f1oz, al tiempo que ha manifestado que \u00abdebido a la gran competitividad econ\u00f3mica de los municipios y a la situaci\u00f3n tan delicada en la que nos encontramos, el \u00fanico activo que no se puede deslocalizar es el territorio y el paisaje\u00bb.<\/p>\n<p>Por \u00faltimo, Mu\u00f1oz ha agradecido a la Diputaci\u00f3n de Valencia su \u00abgran implicaci\u00f3n\u00bb con los ayuntamientos de la provincia y tambi\u00e9n con la \u00abconservaci\u00f3n\u00bb y \u00abpuesta en valor\u00bb del medio ambiente. \u00abLa corporaci\u00f3n provincial es un ejemplo de administraci\u00f3n y de gesti\u00f3n\u00bb, ha aseverado.<\/p>\n<p><strong>Participantes <\/strong><\/p>\n<p>Participan en esta puesta en marcha los siguientes municipios: Alcublas, Alzira, Barxeta, Benimodo, Camporrobles, Carcaixent, Casas Altas, Castell\u00f3 de Rugat, Chiva, Chulilla, Corbera, Enguera, Estubeny, Gandia, La Pobla de Vallbona, Llaur\u00ed, Llombai, Llutxent, Manuel, Montesa, Montichelvo, Ontinyent, Pinet, Pu\u00e7ol, Quatretonda, Siete Aguas, Terrateig, Torrent, Vilamarxant, X\u00e0tiva y Y\u00e1tova.<\/p>\n","protected":false},"excerpt":{"rendered":"<div class=\"mh-excerpt\">La Diputaci\u00f3n de Valencia, con motivo del D\u00eda Mundial del Medio Ambiente, ha presentado esta ma\u00f1ana la Gu\u00eda de Parajes Naturales Municipales de la provincia de Valencia, una nueva apuesta de promoci\u00f3n medioambiental y tur\u00edstica <a class=\"mh-excerpt-more\" href=\"https:\/\/www.tucomarca.com\/wordpress\/segunda\/la-diputacion-de-valencia-recoge-la-oferta-natural-de-la-provincia-en-32-guias\/\" title=\"La Diputaci\u00f3n de Valencia recoge la oferta natural de la provincia en 32 gu\u00edas\">[+] <\/a><\/div>\n","protected":false},"author":1,"featured_media":3031,"comment_status":"open","ping_status":"open","sticky":false,"template":"","format":"standard","meta":{"footnotes":""},"categories":[49,137,69,38,46,236,224,16,192,79,70,8,10,174,42,97,59,117,27,3,12,45,184],"tags":[],"class_list":{"0":"post-3030","1":"post","2":"type-post","3":"status-publish","4":"format-standard","5":"has-post-thumbnail","7":"category-ademuz","8":"category-alcublas","9":"category-alzira","10":"category-ayora-cofrentes","11":"category-camp-de-turia","12":"category-camporrobles","13":"category-casas-altas","14":"category-chiva","15":"category-chulilla","16":"category-enguera","17":"category-la-canal-de-navarres","18":"category-la-comarca","19":"category-la-hoya","20":"category-la-pobla","21":"category-la-ribera","22":"category-llombai","23":"category-los-serranos","24":"category-medio-ambiente-la-comarca","25":"category-requena-utiel","26":"category-seccion","27":"category-siete-aguas","28":"category-ventana","29":"category-vilamarxant"},"_links":{"self":[{"href":"https:\/\/www.tucomarca.com\/wordpress\/segunda\/wp-json\/wp\/v2\/posts\/3030","targetHints":{"allow":["GET"]}}],"collection":[{"href":"https:\/\/www.tucomarca.com\/wordpress\/segunda\/wp-json\/wp\/v2\/posts"}],"about":[{"href":"https:\/\/www.tucomarca.com\/wordpress\/segunda\/wp-json\/wp\/v2\/types\/post"}],"author":[{"embeddable":true,"href":"https:\/\/www.tucomarca.com\/wordpress\/segunda\/wp-json\/wp\/v2\/users\/1"}],"replies":[{"embeddable":true,"href":"https:\/\/www.tucomarca.com\/wordpress\/segunda\/wp-json\/wp\/v2\/comments?post=3030"}],"version-history":[{"count":0,"href":"https:\/\/www.tucomarca.com\/wordpress\/segunda\/wp-json\/wp\/v2\/posts\/3030\/revisions"}],"wp:featuredmedia":[{"embeddable":true,"href":"https:\/\/www.tucomarca.com\/wordpress\/segunda\/wp-json\/wp\/v2\/media\/3031"}],"wp:attachment":[{"href":"https:\/\/www.tucomarca.com\/wordpress\/segunda\/wp-json\/wp\/v2\/media?parent=3030"}],"wp:term":[{"taxonomy":"category","embeddable":true,"href":"https:\/\/www.tucomarca.com\/wordpress\/segunda\/wp-json\/wp\/v2\/categories?post=3030"},{"taxonomy":"post_tag","embeddable":true,"href":"https:\/\/www.tucomarca.com\/wordpress\/segunda\/wp-json\/wp\/v2\/tags?post=3030"}],"curies":[{"name":"wp","href":"https:\/\/api.w.org\/{rel}","templated":true}]}}