{"id":30315,"date":"2014-08-29T17:46:54","date_gmt":"2014-08-29T14:46:54","guid":{"rendered":"http:\/\/www.tucomarca.com\/wordpress\/segunda\/?p=30315"},"modified":"2014-08-29T17:46:54","modified_gmt":"2014-08-29T14:46:54","slug":"el-valencia-cf-confirma-los-cambios-organizativos-que-restan-presencia-a-las-sociedades-musicales-en-mestalla","status":"publish","type":"post","link":"https:\/\/www.tucomarca.com\/wordpress\/segunda\/el-valencia-cf-confirma-los-cambios-organizativos-que-restan-presencia-a-las-sociedades-musicales-en-mestalla\/","title":{"rendered":"El Valencia CF confirma los cambios organizativos que restan presencia a las sociedades musicales en Mestalla"},"content":{"rendered":"<p>La Federaci\u00f3n de Sociedades Musicales de la Comunidad Valenciana (FSMCV) asisti\u00f3 ayer por la tarde, a una \u201creuni\u00f3n informativa\u201d del Valencia CF en la que el club ha confirmado su voluntad de realizar los \u201ccambios organizativos\u201d que restar\u00edan presencia y visibilidad de las bandas de m\u00fasica en Mestalla.<br \/>\nAmadeo Salvo, presidente del Valencia CF, valor\u00f3 en la entrevista la presencia de la FSMCV que constat\u00f3 que no existe una propuesta definida ni un proyecto concreto que trasladar en tiempo y forma a las bandas de m\u00fasica que asistir\u00edan a los pr\u00f3ximos partidos y que necesitan preparar su participaci\u00f3n y las piezas que deben interpretar. Sin embargo, Salvo, asegur\u00f3 que se dar\u00e1n los pasos para una futura colaboraci\u00f3n y que pretende impulsar y dar relevancia a las sociedades musicales.<br \/>\nPedro Rodr\u00edguez, vicepresidente de la FSMCV, manifest\u00f3 tras la reuni\u00f3n que \u201cun proyecto que beneficie a ambas partes no deber\u00eda improvisarse y que, posiblemente, esta decisi\u00f3n puede ser un error estrat\u00e9gico para la marca Valencia CF porque en diferentes foros y encuestas una amplia mayor\u00eda de la sociedad respalda la presencia de las sociedades musicales en Mestalla\u201d.<br \/>\nAsimismo, Rodr\u00edguez afirm\u00f3 que \u201cno hace falta ser un experto para ver la importancia que tiene para un club o una empresa asociarse a un movimiento asociativo que conforman cientos de miles de personas\u201d y reiter\u00f3 \u201cla disposici\u00f3n de la Federaci\u00f3n a mantener una interlocuci\u00f3n con el colectivo y a elaborar una propuesta consensuada que d\u00e9 valor a\u00f1adido a ambas partes. No hablamos de pisar el cesped o no\u201d.<br \/>\nLa FSMCV entiende que la sensibilidad que ha mostrado el Valencia CF con este proyecto, hasta ahora, se ver\u00eda impulsado con las sinergias necesarias y asociar\u00eda la cultura musical y la deportiva donde se concitan el duro trabajo en equipo y la lucha individual puesta al servicio de un proyecto colectivo, un esfuerzo que las sociedades musicales convierten en cultura y en se\u00f1a de identidad de este pueblo desde hace m\u00e1s de 200 a\u00f1os.<br \/>\nUn dato que ayuda a situar la importancia de este colectivo es que ser\u00eda preciso un aforo 5 veces superior al estadio de Mestalla (55.000) para dar cabida a las 300.000 personas que lo componen directamente, aunque se podr\u00eda hablar de una \u201cfamilia\u201d musical en torno al mill\u00f3n de personas. Otro, es que el n\u00famero de socios de las sociedades musicales es 6 veces mayor que la masa social del Valencia CF (35.000), dos veces m\u00e1s que la del Real Madrid (97.000) y superior a la del FC Barcelona (173.071).<br \/>\nLa Uni\u00f3 de Quart de Poblet no asistir\u00e1 al partido que enfrenta al Valencia y al M\u00e1laga, hoy viernes, tras 20 a\u00f1os de actuaciones de m\u00e1s de 300 sociedades musicales y el paso de 30.000 m\u00fasicos por el estadio. Otras bandas de m\u00fasica est\u00e1n a la espera de recibir el protocolo para considerar su participaci\u00f3n. Estas actuaciones se hab\u00edan convertido en un elemento diferenciador y una propuesta de valor del club en la Liga espa\u00f1ola y en las competiciones europeas desde 1994. Adem\u00e1s, esta visibilidad y presencia es reflejo de un fen\u00f3meno social \u00fanico en el mundo con una fuerte implantaci\u00f3n en la Comunidad Valenciana porque est\u00e1n presentes en el 90% de los municipios de Alicante, Castell\u00f3n y Valencia de m\u00e1s de 200 habitantes.<br \/>\n\u201cReuni\u00f3n informativa\u201d<br \/>\nEl Valencia CF remiti\u00f3 al presidente de la FSMCV, Josep F. Almer\u00eda, un correo invit\u00e1ndole a asistir a una \u201creuni\u00f3n informativa para explicar a las diferentes asociaciones musicales los cambios organizativos en los d\u00edas de partido que les afectar\u00e1n directamente\u201d a la que no estaba invitada en primera instancia. Almer\u00eda no pudo asistir y deleg\u00f3 en el vicepresidente Pedro Rodr\u00edguez. A la entrevista tambi\u00e9n asistieron varios responsables de sociedades musicales (dos de Quart de Poblet, Benidoleig, Moncada, Alm\u00e0ssera, Ribaroja de T\u00faria y Serra) que tienen, en principio, reservada su participaci\u00f3n, el presidente de la Federaci\u00f3n de Folklore de la Comunidad Valenciana, Manuel Camarasa, el director de relaciones externas del Valencia CF, Dami\u00e0 Vidagany, y el coordinador de las bandas del club, Antonio Renart.<br \/>\nLa entidad valencianista manifest\u00f3, recientemente, su deseo de cambiar el protocolo para la presencia de las sociedades musicales en Mestalla los d\u00edas en los que hay partido de f\u00fatbol, lo que supondr\u00e1 eliminar la tradicional vuelta al campo y su actuaci\u00f3n en el descanso del encuentro. Adem\u00e1s, seg\u00fan las noticias publicadas en torno a este asunto, el papel de la banda de m\u00fasica ser\u00eda recibir a los jugadores en la puerta 9 del estadio y tocar desde la grada las piezas que desearan, argumentando que los m\u00fasicos estropeaban el c\u00e9sped e imped\u00edan ver la publicidad.<br \/>\nEsta modificaci\u00f3n, que puede suponer la ausencia de las bandas de m\u00fasica de Mestalla, ha creado un profundo malestar en un colectivo de 544 sociedades musicales (el 50% de Espa\u00f1a) con 40.000 m\u00fasicos, 60.000 alumnos de escuelas de m\u00fasica y m\u00e1s de 200.000 socios. Estas asociaciones sin \u00e1nimo de lucro conforman un proyecto social y educativo \u00fanico en el mundo y son el principal agente cultural de la Comunidad Valenciana seg\u00fan la Universidad de Valencia.<\/p>\n","protected":false},"excerpt":{"rendered":"<div class=\"mh-excerpt\">La Federaci\u00f3n de Sociedades Musicales de la Comunidad Valenciana (FSMCV) asisti\u00f3 ayer por la tarde, a una \u201creuni\u00f3n informativa\u201d del Valencia CF en la que el club ha confirmado su voluntad de realizar los \u201ccambios <a class=\"mh-excerpt-more\" href=\"https:\/\/www.tucomarca.com\/wordpress\/segunda\/el-valencia-cf-confirma-los-cambios-organizativos-que-restan-presencia-a-las-sociedades-musicales-en-mestalla\/\" title=\"El Valencia CF confirma los cambios organizativos que restan presencia a las sociedades musicales en Mestalla\">[+] <\/a><\/div>\n","protected":false},"author":2,"featured_media":0,"comment_status":"open","ping_status":"open","sticky":false,"template":"","format":"standard","meta":{"footnotes":""},"categories":[66,3358,8,72,3],"tags":[513,3780,5649,220,5650,5648,1810],"class_list":{"0":"post-30315","1":"post","2":"type-post","3":"status-publish","4":"format-standard","6":"category-musica","7":"category-canal-valencia-cf","8":"category-la-comarca","9":"category-sin-categorizar","10":"category-seccion","11":"tag-bandas","12":"tag-cambios","13":"tag-estadio-mestalla","14":"tag-fsmcv","15":"tag-partidos-de-futbol","16":"tag-presencia","17":"tag-valencia-cf"},"_links":{"self":[{"href":"https:\/\/www.tucomarca.com\/wordpress\/segunda\/wp-json\/wp\/v2\/posts\/30315","targetHints":{"allow":["GET"]}}],"collection":[{"href":"https:\/\/www.tucomarca.com\/wordpress\/segunda\/wp-json\/wp\/v2\/posts"}],"about":[{"href":"https:\/\/www.tucomarca.com\/wordpress\/segunda\/wp-json\/wp\/v2\/types\/post"}],"author":[{"embeddable":true,"href":"https:\/\/www.tucomarca.com\/wordpress\/segunda\/wp-json\/wp\/v2\/users\/2"}],"replies":[{"embeddable":true,"href":"https:\/\/www.tucomarca.com\/wordpress\/segunda\/wp-json\/wp\/v2\/comments?post=30315"}],"version-history":[{"count":0,"href":"https:\/\/www.tucomarca.com\/wordpress\/segunda\/wp-json\/wp\/v2\/posts\/30315\/revisions"}],"wp:attachment":[{"href":"https:\/\/www.tucomarca.com\/wordpress\/segunda\/wp-json\/wp\/v2\/media?parent=30315"}],"wp:term":[{"taxonomy":"category","embeddable":true,"href":"https:\/\/www.tucomarca.com\/wordpress\/segunda\/wp-json\/wp\/v2\/categories?post=30315"},{"taxonomy":"post_tag","embeddable":true,"href":"https:\/\/www.tucomarca.com\/wordpress\/segunda\/wp-json\/wp\/v2\/tags?post=30315"}],"curies":[{"name":"wp","href":"https:\/\/api.w.org\/{rel}","templated":true}]}}