{"id":30329,"date":"2014-08-29T19:37:42","date_gmt":"2014-08-29T16:37:42","guid":{"rendered":"http:\/\/www.tucomarca.com\/wordpress\/segunda\/?p=30329"},"modified":"2014-08-29T19:37:42","modified_gmt":"2014-08-29T16:37:42","slug":"ii-feria-outlet-de-turis","status":"publish","type":"post","link":"https:\/\/www.tucomarca.com\/wordpress\/segunda\/ii-feria-outlet-de-turis\/","title":{"rendered":"II Feria Outlet de Tur\u00eds"},"content":{"rendered":"<p>Tur\u00eds celebra este fin de semana la II Feria Outlet. La cita est\u00e1 programada para el s\u00e1bado 30 de 19 a 22 horas y el domingo 31 de 10 de la ma\u00f1ana a 21 horas en la Calle Miguel Hern\u00e1ndez. El evento ha sido organizado por la Asociaci\u00f3n de Comerciantes e incluye el sorteo de 8 vales de 25 euros para compras y taller de dibujos.<\/p>\n","protected":false},"excerpt":{"rendered":"<div class=\"mh-excerpt\">Tur\u00eds celebra este fin de semana la II Feria Outlet. La cita est\u00e1 programada para el s\u00e1bado 30 de 19 a 22 horas y el domingo 31 de 10 de la ma\u00f1ana a 21 horas <a class=\"mh-excerpt-more\" href=\"https:\/\/www.tucomarca.com\/wordpress\/segunda\/ii-feria-outlet-de-turis\/\" title=\"II Feria Outlet de Tur\u00eds\">[+] <\/a><\/div>\n","protected":false},"author":2,"featured_media":0,"comment_status":"open","ping_status":"open","sticky":false,"template":"","format":"standard","meta":{"footnotes":""},"categories":[4,3],"tags":[5656,3354,5655,10394],"class_list":{"0":"post-30329","1":"post","2":"type-post","3":"status-publish","4":"format-standard","6":"category-agenda","7":"category-seccion","8":"tag-asociacion-comerciantes","9":"tag-consistorio","10":"tag-feria-outlet","11":"tag-turis"},"_links":{"self":[{"href":"https:\/\/www.tucomarca.com\/wordpress\/segunda\/wp-json\/wp\/v2\/posts\/30329","targetHints":{"allow":["GET"]}}],"collection":[{"href":"https:\/\/www.tucomarca.com\/wordpress\/segunda\/wp-json\/wp\/v2\/posts"}],"about":[{"href":"https:\/\/www.tucomarca.com\/wordpress\/segunda\/wp-json\/wp\/v2\/types\/post"}],"author":[{"embeddable":true,"href":"https:\/\/www.tucomarca.com\/wordpress\/segunda\/wp-json\/wp\/v2\/users\/2"}],"replies":[{"embeddable":true,"href":"https:\/\/www.tucomarca.com\/wordpress\/segunda\/wp-json\/wp\/v2\/comments?post=30329"}],"version-history":[{"count":0,"href":"https:\/\/www.tucomarca.com\/wordpress\/segunda\/wp-json\/wp\/v2\/posts\/30329\/revisions"}],"wp:attachment":[{"href":"https:\/\/www.tucomarca.com\/wordpress\/segunda\/wp-json\/wp\/v2\/media?parent=30329"}],"wp:term":[{"taxonomy":"category","embeddable":true,"href":"https:\/\/www.tucomarca.com\/wordpress\/segunda\/wp-json\/wp\/v2\/categories?post=30329"},{"taxonomy":"post_tag","embeddable":true,"href":"https:\/\/www.tucomarca.com\/wordpress\/segunda\/wp-json\/wp\/v2\/tags?post=30329"}],"curies":[{"name":"wp","href":"https:\/\/api.w.org\/{rel}","templated":true}]}}