{"id":30331,"date":"2014-08-29T19:39:32","date_gmt":"2014-08-29T16:39:32","guid":{"rendered":"http:\/\/www.tucomarca.com\/wordpress\/segunda\/?p=30331"},"modified":"2014-08-29T19:39:32","modified_gmt":"2014-08-29T16:39:32","slug":"fiestas-de-septiembre-de-chiva","status":"publish","type":"post","link":"https:\/\/www.tucomarca.com\/wordpress\/segunda\/fiestas-de-septiembre-de-chiva\/","title":{"rendered":"Fiestas de septiembre de Chiva"},"content":{"rendered":"<p>Del 26 de agosto al 27 de septiembre, vecinos y visitantes de Chiva disfrutar\u00e1n de una gran variedad de actos en torno a nuestra Morenica, dando paso adem\u00e1s a otros de car\u00e1cter l\u00fadico dirigidos a p\u00fablico de todas las edades.<br \/>\nDe cara al fin de semana, los actos principales ser\u00e1n la Noche de Paellas este viernes a las 20,30 horas, la verbena de disfraces el s\u00e1bado a las 24 horas, la exposici\u00f3n de coches antiguos  el domingo a partir de las 10 horas y la cabalgata, un acto previsto para esta misma jornada dominical a partir de las 19,30 horas.<br \/>\nLa semana pr\u00f3xima arrancar\u00e1 con el desfile de disfraces el lunes a las 18 horas.<\/p>\n","protected":false},"excerpt":{"rendered":"<div class=\"mh-excerpt\">Del 26 de agosto al 27 de septiembre, vecinos y visitantes de Chiva disfrutar\u00e1n de una gran variedad de actos en torno a nuestra Morenica, dando paso adem\u00e1s a otros de car\u00e1cter l\u00fadico dirigidos a <a class=\"mh-excerpt-more\" href=\"https:\/\/www.tucomarca.com\/wordpress\/segunda\/fiestas-de-septiembre-de-chiva\/\" title=\"Fiestas de septiembre de Chiva\">[+] <\/a><\/div>\n","protected":false},"author":2,"featured_media":0,"comment_status":"open","ping_status":"open","sticky":false,"template":"","format":"standard","meta":{"footnotes":""},"categories":[4,3],"tags":[5658,10384,5657],"class_list":{"0":"post-30331","1":"post","2":"type-post","3":"status-publish","4":"format-standard","6":"category-agenda","7":"category-seccion","8":"tag-actos-fin-de-semana","9":"tag-chiva","10":"tag-fiestas-de-septiembre"},"_links":{"self":[{"href":"https:\/\/www.tucomarca.com\/wordpress\/segunda\/wp-json\/wp\/v2\/posts\/30331","targetHints":{"allow":["GET"]}}],"collection":[{"href":"https:\/\/www.tucomarca.com\/wordpress\/segunda\/wp-json\/wp\/v2\/posts"}],"about":[{"href":"https:\/\/www.tucomarca.com\/wordpress\/segunda\/wp-json\/wp\/v2\/types\/post"}],"author":[{"embeddable":true,"href":"https:\/\/www.tucomarca.com\/wordpress\/segunda\/wp-json\/wp\/v2\/users\/2"}],"replies":[{"embeddable":true,"href":"https:\/\/www.tucomarca.com\/wordpress\/segunda\/wp-json\/wp\/v2\/comments?post=30331"}],"version-history":[{"count":0,"href":"https:\/\/www.tucomarca.com\/wordpress\/segunda\/wp-json\/wp\/v2\/posts\/30331\/revisions"}],"wp:attachment":[{"href":"https:\/\/www.tucomarca.com\/wordpress\/segunda\/wp-json\/wp\/v2\/media?parent=30331"}],"wp:term":[{"taxonomy":"category","embeddable":true,"href":"https:\/\/www.tucomarca.com\/wordpress\/segunda\/wp-json\/wp\/v2\/categories?post=30331"},{"taxonomy":"post_tag","embeddable":true,"href":"https:\/\/www.tucomarca.com\/wordpress\/segunda\/wp-json\/wp\/v2\/tags?post=30331"}],"curies":[{"name":"wp","href":"https:\/\/api.w.org\/{rel}","templated":true}]}}