{"id":3037,"date":"2012-06-05T18:30:03","date_gmt":"2012-06-05T16:30:03","guid":{"rendered":"http:\/\/www.tucomarca.com\/wordpress\/segunda\/?p=3037"},"modified":"2012-06-05T18:31:29","modified_gmt":"2012-06-05T16:31:29","slug":"la-derecha-es-asi","status":"publish","type":"post","link":"https:\/\/www.tucomarca.com\/wordpress\/segunda\/la-derecha-es-asi\/","title":{"rendered":"Lectores: La derecha es as\u00ed&#8230;"},"content":{"rendered":"<p>Me vais a disculpar por la expresi\u00f3n pero el an\u00e1lisis \u00abcr\u00edtico\u00bb que hace el\u00a0 responsable del \u00e1rea econ\u00f3mica del PP de Bu\u00f1ol\u00a0 es de risa. Apa\u00f1ados estamos si \u00e9stos son los pretendientes a gobernar el ayuntamiento en un improbable futuro.\u00a0 Lo que ha hecho Pablo Palmer es ir a buscar informaci\u00f3n al interventor municipal y montarse unas declaraciones para la prensa donde de lo que s\u00ed nos hemos enterado es de la facilidad que tiene para dibujar un irreal paisaje catastrofista donde destacan en sus palabras expresiones como \u00abdesastre de gesti\u00f3n municipal\u00bb, \u00abirresponsabilidad del gobierno\u00bb, \u00abmala gesti\u00f3n permanente\u00bb,\u00a0 \u00abun gobierno sin rumbo y a la deriva\u00bb \u00abtripartito roto y enfrentado\u00bb. Como se puede comprobar todo un alarde de informe econ\u00f3mico propio de aquel que nada interesante tiene que decir a la gesti\u00f3n econ\u00f3mica municipal y rellena su inconsistencia econ\u00f3mica con calificativos gruesos que\u00a0 reflejan su frustraci\u00f3n como partido que no tiene los votos necesarios para gobernar el Ayuntamiento de Bu\u00f1ol. Y menos mal que\u00a0 todos saben de sus maravillosas pol\u00edticas, las que est\u00e1n aplicando en Ayuntamientos y en la Generalitat que es precisamente la de bajar injustamente el salario de los trabajadores p\u00fablicos y despedir a mansalva.<\/p>\n<p>Es el sello de la pol\u00edtica del PP para la crisis,\u00a0 el impulso para que la crisis la paguen los que menos la deben: los trabajadores. Pues esa es tambi\u00e9n su frustraci\u00f3n, desear\u00edan entrar a saco y cumplir lo del d\u00e9ficit cero expidiendo a manos llenas cartas de despido y bajando las remuneraciones. Esa es la \u00fanica respuesta que tienen\u00a0 ante su crisis, porque ellos son los que crean la crisis con sus pol\u00edticas antisociales de recortes con la milonga del d\u00e9ficit econ\u00f3mico. Ahora son los recortes salvajes, precedidos antes por los muchos casos de corrupci\u00f3n pol\u00edtica que han escandalizado a los valencianos, al resto de espa\u00f1oles y han tirado la imagen externa del Pa\u00eds Valenciano a los niveles del bono basura, siendo la Comunidad Valenciana m\u00e1s conocida ya por la corrupci\u00f3n que por la paella. Pero en el suma y sigue de la derecha valenciana estamos viendo estos d\u00edas c\u00f3mo ellos solitos, con la complicidad de la m\u00e1s rancia e insolidaria burgues\u00eda valenciana, se han cargado el sistema financiero valenciano. Son un verdadero desastre pol\u00edtico y\u00a0 econ\u00f3mico y los valencianos lo estamos pagando. Y en cuanto al d\u00e9ficit, lo \u00faltimo que hemos sabido es que el Consell ha contribuido a elevar el d\u00e9ficit nacional junto con Madrid y Castilla-Le\u00f3n en m\u00e1s de cuatro d\u00e9cimas gracias a las facturas escondidas que no fueron declaradas hasta el mes de enero pasado y que ha ocasionado que la Uni\u00f3n Europea no se fie de Espa\u00f1a y nos env\u00ede una inspecci\u00f3n de expertos del Euroestat. Ellos, si no lo remedian unas elecciones anticipadas, seguir\u00e1n siendo los culpables del verdadero d\u00e9ficit, el de la educaci\u00f3n con menos profesores y m\u00e1s alumnos por aula, del encarecimiento de los estudios universitarios, el de la sanidad con su privatizaci\u00f3n, cierre de servicios de urgencias y bajada de la calidad asistencial, el de el incumplimiento de la ley de dependencia, el del impago de las subvenciones sociales y culturales.\u00a0 Hay materia suficiente para, como ha dicho Gaspar Llamazares, aplicar la ley de transparencia y buen gobierno que pretende aprobar el ejecutivo\u00a0 y apartar de\u00a0 los cargos\u00a0 del Consell y su administraci\u00f3n\u00a0 a quienes han dejado a la\u00a0 Comunidad Valenciana vac\u00eda y sin futuro.<\/p>\n<p>Pero volviendo a la hacienda municipal y su gesti\u00f3n hay que\u00a0 explicar que el presupuesto municipal para 2012 es\u00a0 de 8\u00b49 millones de euros. Si el responsable del \u00e1rea econ\u00f3mica afirma que en cuatro meses el ayuntamiento ya se ha gastado un mill\u00f3n de euros y esto lo califica de \u00abgastar sin freno\u00bb, yo le digo que si en cuatro meses se han gastado 1 mill\u00f3n de los cerca de nueve disponibles, seguramente en 12 meses se habr\u00e1n gastado s\u00f3lo tres millones, es una simple regla de tres. Pero le duele a Palmer que este gasto se haya hecho en gasto corriente porque \u00e9l si fuese concejal de hacienda posiblemente suprimir\u00eda gran parte de ese gasto corriente, es decir, dejar\u00eda de pagar n\u00f3minas. Luego aclara que cerca de un mill\u00f3n de euros se deben por el gasto de los cuatro primeros meses del a\u00f1o y que este dispendio se le debe, en su mayor\u00eda a los \u00abpeque\u00f1os comerciantes\u00bb. O sea, que en cuatro meses el Ayuntamiento ha comprado a los peque\u00f1os comerciantes por valor de cerca del mill\u00f3n de euros y no se les ha pagado sus facturas.\u00a0 Esto no se lo cree el declarante ni\u00a0 en sue\u00f1os, es simplemente una falsedad, porque materialmente es imposible que peque\u00f1as empresas hayan facturado al ayuntamiento el ambiguo \u00abcerca del mill\u00f3n de euros\u00bb del que habla Palmer.<\/p>\n<p>El concejal de la derecha en cambio se calla el 1.800.00 euros que le debe la Generalitat\u00a0 a Bu\u00f1ol en concepto de las obras del Plan Confianza y de numerosas subvenciones que no pagan porque han puesto a la Generalitat Valenciana en banca rota. Pero no s\u00f3lo no pagan al Ayuntamiento sino que tampoco pagan, por ejemplo, a las sociedades musicales como recuerda el presidente de la Federaci\u00f3n de Sociedades Musicales de la Comunidad Valenciana, Josep Francesc Almeria, quien se lamenta de que la Generalitat \u00abNo tiene ninguna previsi\u00f3n ni un calendario de pagos\u00bb y que \u00abCuando acuden a un banco diciendo que tienes un convenio con la Generalitat como garant\u00eda se r\u00eden en tu cara\u00bb.<\/p>\n<p>Pero, \u00bfqu\u00e9 esconde realmente Palmer en sus declaraciones?, simplemente silencia que si no lo remedia una positiva negociaci\u00f3n de la Federaci\u00f3n Espa\u00f1ola de Municipios y Provincias con el gobierno central, seguramente los ayuntamientos que no pudieron presentar su plan de ajuste ser\u00e1n intervenidos por el gobierno reteniendo hasta el 50% del fondo de financiaci\u00f3n estatal a los Ayuntamientos. Esto si que ser\u00eda una verdadera cat\u00e1strofe econ\u00f3mica, y en Bu\u00f1ol fueron el PP y el grupo de tr\u00e1nsfugas quienes votaron no al plan de ajuste municipal, negando a Bu\u00f1ol la posibilidad de gestionar sus cuentas para cumplir con todos los compromisos con los trabajadores, los servicios p\u00fablicos y las asociaciones locales. El no\u00a0 del PP en el pleno fue el s\u00ed a que el\u00a0 ayuntamiento pudiera ser intervenido, no dejaron que el gobierno pudiera aprobar un plan de ajuste viable, se lo cargaron y\u00a0 ellos deber\u00e1n responder\u00a0 ante los vecinos de Bu\u00f1ol si al final se llega a materializar la intervenci\u00f3n estatal de las cuentas municipales. Esperemos que se pueda remediar, pero la traici\u00f3n a Bu\u00f1ol ya la hicieron el PP y los tr\u00e1nsfugas en el pleno de marzo. Les puede m\u00e1s su frustraci\u00f3n de oposici\u00f3n que el servicio a Bu\u00f1ol.<\/p>\n<p><em>Carlos Xerri Juan, Bu\u00f1ol<\/em><\/p>\n","protected":false},"excerpt":{"rendered":"<div class=\"mh-excerpt\">Me vais a disculpar por la expresi\u00f3n pero el an\u00e1lisis \u00abcr\u00edtico\u00bb que hace el\u00a0 responsable del \u00e1rea econ\u00f3mica del PP de Bu\u00f1ol\u00a0 es de risa. Apa\u00f1ados estamos si \u00e9stos son los pretendientes a gobernar el <a class=\"mh-excerpt-more\" href=\"https:\/\/www.tucomarca.com\/wordpress\/segunda\/la-derecha-es-asi\/\" title=\"Lectores: La derecha es as\u00ed&#8230;\">[+] <\/a><\/div>\n","protected":false},"author":6,"featured_media":0,"comment_status":"open","ping_status":"open","sticky":false,"template":"","format":"standard","meta":{"footnotes":""},"categories":[30,114],"tags":[],"class_list":{"0":"post-3037","1":"post","2":"type-post","3":"status-publish","4":"format-standard","6":"category-opinion","7":"category-opinion-lectores"},"_links":{"self":[{"href":"https:\/\/www.tucomarca.com\/wordpress\/segunda\/wp-json\/wp\/v2\/posts\/3037","targetHints":{"allow":["GET"]}}],"collection":[{"href":"https:\/\/www.tucomarca.com\/wordpress\/segunda\/wp-json\/wp\/v2\/posts"}],"about":[{"href":"https:\/\/www.tucomarca.com\/wordpress\/segunda\/wp-json\/wp\/v2\/types\/post"}],"author":[{"embeddable":true,"href":"https:\/\/www.tucomarca.com\/wordpress\/segunda\/wp-json\/wp\/v2\/users\/6"}],"replies":[{"embeddable":true,"href":"https:\/\/www.tucomarca.com\/wordpress\/segunda\/wp-json\/wp\/v2\/comments?post=3037"}],"version-history":[{"count":0,"href":"https:\/\/www.tucomarca.com\/wordpress\/segunda\/wp-json\/wp\/v2\/posts\/3037\/revisions"}],"wp:attachment":[{"href":"https:\/\/www.tucomarca.com\/wordpress\/segunda\/wp-json\/wp\/v2\/media?parent=3037"}],"wp:term":[{"taxonomy":"category","embeddable":true,"href":"https:\/\/www.tucomarca.com\/wordpress\/segunda\/wp-json\/wp\/v2\/categories?post=3037"},{"taxonomy":"post_tag","embeddable":true,"href":"https:\/\/www.tucomarca.com\/wordpress\/segunda\/wp-json\/wp\/v2\/tags?post=3037"}],"curies":[{"name":"wp","href":"https:\/\/api.w.org\/{rel}","templated":true}]}}