{"id":3047,"date":"2012-06-06T10:19:53","date_gmt":"2012-06-06T08:19:53","guid":{"rendered":"http:\/\/www.tucomarca.com\/wordpress\/segunda\/?p=3047"},"modified":"2012-06-06T10:19:53","modified_gmt":"2012-06-06T08:19:53","slug":"las-ampas-de-los-colegios-de-chiva-reciben-su-subvencion-anual","status":"publish","type":"post","link":"https:\/\/www.tucomarca.com\/wordpress\/segunda\/las-ampas-de-los-colegios-de-chiva-reciben-su-subvencion-anual\/","title":{"rendered":"Las Ampas de los colegios de Chiva reciben su subvenci\u00f3n anual"},"content":{"rendered":"<p style=\"text-align: left;\">\n<figure id=\"attachment_3048\" aria-describedby=\"caption-attachment-3048\" style=\"width: 574px\" class=\"wp-caption aligncenter\"><a href=\"https:\/\/www.tucomarca.com\/wordpress\/segunda\/wp-content\/uploads\/2012\/06\/SubvAmpas.jpg\"><img loading=\"lazy\" decoding=\"async\" class=\"size-large wp-image-3048  \" title=\"SubvAmpas\" src=\"https:\/\/www.tucomarca.com\/wordpress\/segunda\/wp-content\/uploads\/2012\/06\/SubvAmpas-1024x404.jpg\" alt=\"Los representantes de las Ampsa de Chiva junto al alcalde durante la entrega.\" width=\"574\" height=\"226\" srcset=\"https:\/\/www.tucomarca.com\/wordpress\/segunda\/wp-content\/uploads\/2012\/06\/SubvAmpas-1024x404.jpg 1024w, https:\/\/www.tucomarca.com\/wordpress\/segunda\/wp-content\/uploads\/2012\/06\/SubvAmpas-300x118.jpg 300w, https:\/\/www.tucomarca.com\/wordpress\/segunda\/wp-content\/uploads\/2012\/06\/SubvAmpas.jpg 1669w\" sizes=\"auto, (max-width: 574px) 100vw, 574px\" \/><\/a><figcaption id=\"caption-attachment-3048\" class=\"wp-caption-text\">Los representantes de las Ampsa de Chiva junto al alcalde durante la entrega.<\/figcaption><\/figure>\n<p>El Ayuntamiento de Chiva ha hecho entrega, de manos del alcalde, Jos\u00e9 Manuel Haro, de la subvenci\u00f3n anual a las Asociaciones de Madres y Padres de Alumnos \u2014Ampas\u2014 de Chiva.<\/p>\n<p>Concretamente, han recibido esta ayuda econ\u00f3mica, cercana a los 10.000 euros, las Ampas de los centros educativos Mart\u00ednez Culla, Dr. Corach\u00e1n, La Murta, el IES Marjana y la Escuela de Adultos.<\/p>\n<p>Esta subvenci\u00f3n supone una inyecci\u00f3n econ\u00f3mica importante para poder asumir sus gastos y llevar a cabo las gestiones y actividades que realizan estas asociaciones, tal como han informado fuentes del consistorio local..<\/p>\n<p>El alcalde ha destacado que \u201cdesde el Ayuntamiento, vamos a seguir colaborando con nuestros colegios para, en la medida de nuestras posibilidades, satisfacer las necesidades de nuestros alumnos, profesores y padres y madres\u201d.<\/p>\n<p>Asimismo, Jos\u00e9 Manuel Haro ha insistido en \u201cla importancia de seguir mantener relaciones fluidas y activas con los centros como medida necesaria para poder atender todas y cada una de las peticiones y sugerencias que realicen las Ampas\u201d.<\/p>\n","protected":false},"excerpt":{"rendered":"<div class=\"mh-excerpt\">El Ayuntamiento de Chiva ha hecho entrega, de manos del alcalde, Jos\u00e9 Manuel Haro, de la subvenci\u00f3n anual a las Asociaciones de Madres y Padres de Alumnos \u2014Ampas\u2014 de Chiva. Concretamente, han recibido esta ayuda <a class=\"mh-excerpt-more\" href=\"https:\/\/www.tucomarca.com\/wordpress\/segunda\/las-ampas-de-los-colegios-de-chiva-reciben-su-subvencion-anual\/\" title=\"Las Ampas de los colegios de Chiva reciben su subvenci\u00f3n anual\">[+] <\/a><\/div>\n","protected":false},"author":1,"featured_media":3048,"comment_status":"open","ping_status":"open","sticky":false,"template":"","format":"standard","meta":{"footnotes":""},"categories":[16,10,7,3,45],"tags":[],"class_list":{"0":"post-3047","1":"post","2":"type-post","3":"status-publish","4":"format-standard","5":"has-post-thumbnail","7":"category-chiva","8":"category-la-hoya","9":"category-ocio-y-cultura","10":"category-seccion","11":"category-ventana"},"_links":{"self":[{"href":"https:\/\/www.tucomarca.com\/wordpress\/segunda\/wp-json\/wp\/v2\/posts\/3047","targetHints":{"allow":["GET"]}}],"collection":[{"href":"https:\/\/www.tucomarca.com\/wordpress\/segunda\/wp-json\/wp\/v2\/posts"}],"about":[{"href":"https:\/\/www.tucomarca.com\/wordpress\/segunda\/wp-json\/wp\/v2\/types\/post"}],"author":[{"embeddable":true,"href":"https:\/\/www.tucomarca.com\/wordpress\/segunda\/wp-json\/wp\/v2\/users\/1"}],"replies":[{"embeddable":true,"href":"https:\/\/www.tucomarca.com\/wordpress\/segunda\/wp-json\/wp\/v2\/comments?post=3047"}],"version-history":[{"count":0,"href":"https:\/\/www.tucomarca.com\/wordpress\/segunda\/wp-json\/wp\/v2\/posts\/3047\/revisions"}],"wp:featuredmedia":[{"embeddable":true,"href":"https:\/\/www.tucomarca.com\/wordpress\/segunda\/wp-json\/wp\/v2\/media\/3048"}],"wp:attachment":[{"href":"https:\/\/www.tucomarca.com\/wordpress\/segunda\/wp-json\/wp\/v2\/media?parent=3047"}],"wp:term":[{"taxonomy":"category","embeddable":true,"href":"https:\/\/www.tucomarca.com\/wordpress\/segunda\/wp-json\/wp\/v2\/categories?post=3047"},{"taxonomy":"post_tag","embeddable":true,"href":"https:\/\/www.tucomarca.com\/wordpress\/segunda\/wp-json\/wp\/v2\/tags?post=3047"}],"curies":[{"name":"wp","href":"https:\/\/api.w.org\/{rel}","templated":true}]}}