{"id":30567,"date":"2014-09-10T15:29:11","date_gmt":"2014-09-10T12:29:11","guid":{"rendered":"http:\/\/www.tucomarca.com\/wordpress\/segunda\/?p=30567"},"modified":"2014-09-10T15:29:15","modified_gmt":"2014-09-10T12:29:15","slug":"el-alcalde-de-serra-critica-que-la-diputacion-haya-negado-a-su-consistorio-dos-vehiculos-para-el-mantenimiento-de-los-caminos","status":"publish","type":"post","link":"https:\/\/www.tucomarca.com\/wordpress\/segunda\/el-alcalde-de-serra-critica-que-la-diputacion-haya-negado-a-su-consistorio-dos-vehiculos-para-el-mantenimiento-de-los-caminos\/","title":{"rendered":"El alcalde de Serra critica que la Diputaci\u00f3n haya negado a su consistorio dos veh\u00edculos para el mantenimiento de los caminos"},"content":{"rendered":"<p><figure id=\"attachment_30568\" aria-describedby=\"caption-attachment-30568\" style=\"width: 300px\" class=\"wp-caption alignleft\"><a href=\"https:\/\/www.tucomarca.com\/wordpress\/segunda\/2014\/09\/el-alcalde-de-serra-critica-que-la-diputacion-haya-negado-a-su-consistorio-dos-vehiculos-para-el-mantenimiento-de-los-caminos\/vehiculo2\/\" rel=\"attachment wp-att-30568\"><img loading=\"lazy\" decoding=\"async\" src=\"https:\/\/www.tucomarca.com\/wordpress\/segunda\/wp-content\/uploads\/2014\/09\/Vehiculo2-300x168.jpg\" alt=\"\" title=\"Vehiculo2\" width=\"300\" height=\"168\" class=\"size-medium wp-image-30568\" srcset=\"https:\/\/www.tucomarca.com\/wordpress\/segunda\/wp-content\/uploads\/2014\/09\/Vehiculo2-300x168.jpg 300w, https:\/\/www.tucomarca.com\/wordpress\/segunda\/wp-content\/uploads\/2014\/09\/Vehiculo2.jpeg 640w\" sizes=\"auto, (max-width: 300px) 100vw, 300px\" \/><\/a><figcaption id=\"caption-attachment-30568\" class=\"wp-caption-text\">La cesi\u00f3n de los veh\u00edculos se antoja esencial para mantener los caminos. tc.c<\/figcaption><\/figure>El alcalde de Serra, Xavier Arnal, del PSPV, ha denunciado que la Diputaci\u00f3n de Valencia ha negado a este consistorio del Camp de T\u00faria la cesi\u00f3n gratuita de dos veh\u00edculos propiedad de la entidad provincial destinados a realizar diversas tareas en el parque natural de la Calderona como el mantenimiento de caminos, carreteras, cunetas y diferentes labores ambientales. El primer edil de Serra ha calificado de \u00abcaciquil\u00bb la actitud del organismo provincial.  <\/p>\n<p>\tLa petici\u00f3n del consistorio serrano era conseguir la cesi\u00f3n gratuita de un cami\u00f3n y de una retroexcavadora que la Diputaci\u00f3n de Valencia ten\u00eda en propiedad hasta que privatiz\u00f3 el servicio p\u00fablico de la brigada de peones camineros de la demarcaci\u00f3n de Serra hace dos a\u00f1os en la que don\u00f3 los dos veh\u00edculos a la empresa que result\u00f3 beneficiaria de la privatizaci\u00f3n. <\/p>\n<p>\tEl alcalde de Serra ha subrayado que la solicitud del consistorio \u00abse basaba en el hecho de que se nos traslad\u00f3 la idea de que ambos veh\u00edculos ya no los iban a utilizar e incluso se nos dijo que los iban a dar de baja; ante este hecho decidimos realizar una petici\u00f3n oficial por escrito en la que reclam\u00e1bamos la cesi\u00f3n ya que se trata de dos veh\u00edculos muy importantes para llevar a cabo labores de mantenimiento en los caminos y carreteras del t\u00e9rmino municipal de Serra, sin embargo la diputaci\u00f3n ha obviado completamente nuestros deseos con una actitud incomprensible y caciquil\u00bb. <\/p>\n<p>\tEl coste total de este tipo de veh\u00edculos sobrepasa, completamente, las posibilidades econ\u00f3micas del Ayuntamiento de Serra para su adquisici\u00f3n ya que confiaba en su cesi\u00f3n inmediata para acometer labores muy importantes en el trabajo diario como el arreglo y mantenimiento de caminos rurales, las carreteras de tierra, las cunetas y todo tipo de v\u00edas de comunicaci\u00f3n del t\u00e9rmino municipal englobado en pleno parque natural de la Calderona.<br \/>\n\tArnal ha recordado que el \u00absilencio\u00bb de la Diputaci\u00f3n de Valencia ante la petici\u00f3n del consistorio \u00abse a\u00f1ade a la lista de agravios que en los \u00faltimos meses ha sido objeto el ayuntamiento de Serra por parte de la administraci\u00f3n provincial ya que hace escasas semanas tambi\u00e9n vimos reducida en un 65% la subvenci\u00f3n para construir el paseo peatonal que conectar\u00e1 pr\u00f3ximamente el casco urbano con el cementerio p\u00fablico; de esta forma, la diputaci\u00f3n aportar\u00e1 s\u00f3lo 45.000 de los 130.000 euros de los que consta el proyecto global que nos obligar\u00e1 a realizar un mayor esfuerzo en una situaci\u00f3n econ\u00f3mica dif\u00edcil para los ayuntamientos\u00bb. <\/p>\n<p>\tEl alcalde de Serra ha lamentado la \u00abnula sensibilidad\u00bb de la Diputaci\u00f3n de Valencia \u00abhacia los municipios m\u00e1s peque\u00f1os que tenemos m\u00e1s limitado nuestro margen de maniobra financiero ya que actualmente tenemos que asumir numerosos servicios y programas sociales y educativos ante los escandalosos recortes financieros aprobados por la Generalitat y el Gobierno de Rajoy\u00bb. <\/p>\n","protected":false},"excerpt":{"rendered":"<div class=\"mh-excerpt\">El alcalde de Serra, Xavier Arnal, del PSPV, ha denunciado que la Diputaci\u00f3n de Valencia ha negado a este consistorio del Camp de T\u00faria la cesi\u00f3n gratuita de dos veh\u00edculos propiedad de la entidad provincial <a class=\"mh-excerpt-more\" href=\"https:\/\/www.tucomarca.com\/wordpress\/segunda\/el-alcalde-de-serra-critica-que-la-diputacion-haya-negado-a-su-consistorio-dos-vehiculos-para-el-mantenimiento-de-los-caminos\/\" title=\"El alcalde de Serra critica que la Diputaci\u00f3n haya negado a su consistorio dos veh\u00edculos para el mantenimiento de los caminos\">[+] <\/a><\/div>\n","protected":false},"author":2,"featured_media":30568,"comment_status":"open","ping_status":"open","sticky":false,"template":"","format":"standard","meta":{"footnotes":""},"categories":[46,128,8,117,3,76],"tags":[968,5755,984,204,5741,5754,10404,1307],"class_list":{"0":"post-30567","1":"post","2":"type-post","3":"status-publish","4":"format-standard","5":"has-post-thumbnail","7":"category-camp-de-turia","8":"category-infraestructuras","9":"category-la-comarca","10":"category-medio-ambiente-la-comarca","11":"category-seccion","12":"category-serra","13":"tag-alcalde","14":"tag-arreglo-caminos","15":"tag-critica","16":"tag-diputacion","17":"tag-la-calderona","18":"tag-negativa","19":"tag-serra","20":"tag-vehiculos"},"_links":{"self":[{"href":"https:\/\/www.tucomarca.com\/wordpress\/segunda\/wp-json\/wp\/v2\/posts\/30567","targetHints":{"allow":["GET"]}}],"collection":[{"href":"https:\/\/www.tucomarca.com\/wordpress\/segunda\/wp-json\/wp\/v2\/posts"}],"about":[{"href":"https:\/\/www.tucomarca.com\/wordpress\/segunda\/wp-json\/wp\/v2\/types\/post"}],"author":[{"embeddable":true,"href":"https:\/\/www.tucomarca.com\/wordpress\/segunda\/wp-json\/wp\/v2\/users\/2"}],"replies":[{"embeddable":true,"href":"https:\/\/www.tucomarca.com\/wordpress\/segunda\/wp-json\/wp\/v2\/comments?post=30567"}],"version-history":[{"count":0,"href":"https:\/\/www.tucomarca.com\/wordpress\/segunda\/wp-json\/wp\/v2\/posts\/30567\/revisions"}],"wp:featuredmedia":[{"embeddable":true,"href":"https:\/\/www.tucomarca.com\/wordpress\/segunda\/wp-json\/wp\/v2\/media\/30568"}],"wp:attachment":[{"href":"https:\/\/www.tucomarca.com\/wordpress\/segunda\/wp-json\/wp\/v2\/media?parent=30567"}],"wp:term":[{"taxonomy":"category","embeddable":true,"href":"https:\/\/www.tucomarca.com\/wordpress\/segunda\/wp-json\/wp\/v2\/categories?post=30567"},{"taxonomy":"post_tag","embeddable":true,"href":"https:\/\/www.tucomarca.com\/wordpress\/segunda\/wp-json\/wp\/v2\/tags?post=30567"}],"curies":[{"name":"wp","href":"https:\/\/api.w.org\/{rel}","templated":true}]}}