{"id":3064,"date":"2012-06-06T17:38:54","date_gmt":"2012-06-06T15:38:54","guid":{"rendered":"http:\/\/www.tucomarca.com\/wordpress\/segunda\/?p=3064"},"modified":"2012-06-06T17:38:54","modified_gmt":"2012-06-06T15:38:54","slug":"detienen-a-un-vecino-de-los-serranos-como-presunto-autor-del-incendio-en-benageber-chelva-y-tuejar","status":"publish","type":"post","link":"https:\/\/www.tucomarca.com\/wordpress\/segunda\/detienen-a-un-vecino-de-los-serranos-como-presunto-autor-del-incendio-en-benageber-chelva-y-tuejar\/","title":{"rendered":"Detienen a un vecino de Los Serranos como presunto autor del incendio en Benag\u00e9ber, Chelva y Tu\u00e9jar"},"content":{"rendered":"<p>Agentes de la Guardia Civil han detenido a un  hombre de 55 a\u00f1os, vecino de la comarca de Los Serranos, como  presunto autor del incendio declarado este pasado viernes y que afect\u00f3 a  los t\u00e9rminos municipales de Benag\u00e9ber, Tu\u00e9jar y Chelva, donde resultaron  quemadas 670 hect\u00e1reas, seg\u00fan ha informado el instituto armando en un  comunicado remitido a la agencia Europa Press.<\/p>\n<p>Seg\u00fan las investigaciones, el detenido est\u00e1 presuntamente  implicado en el incendio, en cuya extinci\u00f3n participaron numerosos  efectivos de la Guardia Civil, Bomberos y la Unidad Militar de  Emergencias (UME), con un total de 17 medios a\u00e9reos y 17 cubas de  diferentes lugares de la provincia de Valencia y Cuenca.<\/p>\n<p>Los agentes iniciaron las investigaciones que han permitido  detener sobre las 12.30 horas de este mi\u00e9rcoles a un hombre de 55 a\u00f1os,  vecino de la comarca de Los Serranos, como supuesto autor del incendio,  que qued\u00f3 controlado este mismo lunes.<\/p>\n<p>El conseller de Gobernaci\u00f3n, Seraf\u00edn Castellano, ya avanz\u00f3 el  pasado s\u00e1bado que la principal l\u00ednea de investigaci\u00f3n apuntaba a la  intencionalidad como causa del incendio, que se sigui\u00f3 en tres sectores,  uno de ellos ubicado junto a la presa del pantano de Benag\u00e9ber, que  centr\u00f3 los esfuerzos de los medios a\u00e9reos durante el s\u00e1bado.<\/p>\n","protected":false},"excerpt":{"rendered":"<div class=\"mh-excerpt\">Agentes de la Guardia Civil han detenido a un hombre de 55 a\u00f1os, vecino de la comarca de Los Serranos, como presunto autor del incendio declarado este pasado viernes y que afect\u00f3 a los t\u00e9rminos <a class=\"mh-excerpt-more\" href=\"https:\/\/www.tucomarca.com\/wordpress\/segunda\/detienen-a-un-vecino-de-los-serranos-como-presunto-autor-del-incendio-en-benageber-chelva-y-tuejar\/\" title=\"Detienen a un vecino de Los Serranos como presunto autor del incendio en Benag\u00e9ber, Chelva y Tu\u00e9jar\">[+] <\/a><\/div>\n","protected":false},"author":1,"featured_media":0,"comment_status":"open","ping_status":"open","sticky":false,"template":"","format":"standard","meta":{"footnotes":""},"categories":[141,188,8,59,3,116,134],"tags":[],"class_list":{"0":"post-3064","1":"post","2":"type-post","3":"status-publish","4":"format-standard","6":"category-benageber","7":"category-chelva","8":"category-la-comarca","9":"category-los-serranos","10":"category-seccion","11":"category-sucesos-la-comarca","12":"category-tuejar"},"_links":{"self":[{"href":"https:\/\/www.tucomarca.com\/wordpress\/segunda\/wp-json\/wp\/v2\/posts\/3064","targetHints":{"allow":["GET"]}}],"collection":[{"href":"https:\/\/www.tucomarca.com\/wordpress\/segunda\/wp-json\/wp\/v2\/posts"}],"about":[{"href":"https:\/\/www.tucomarca.com\/wordpress\/segunda\/wp-json\/wp\/v2\/types\/post"}],"author":[{"embeddable":true,"href":"https:\/\/www.tucomarca.com\/wordpress\/segunda\/wp-json\/wp\/v2\/users\/1"}],"replies":[{"embeddable":true,"href":"https:\/\/www.tucomarca.com\/wordpress\/segunda\/wp-json\/wp\/v2\/comments?post=3064"}],"version-history":[{"count":0,"href":"https:\/\/www.tucomarca.com\/wordpress\/segunda\/wp-json\/wp\/v2\/posts\/3064\/revisions"}],"wp:attachment":[{"href":"https:\/\/www.tucomarca.com\/wordpress\/segunda\/wp-json\/wp\/v2\/media?parent=3064"}],"wp:term":[{"taxonomy":"category","embeddable":true,"href":"https:\/\/www.tucomarca.com\/wordpress\/segunda\/wp-json\/wp\/v2\/categories?post=3064"},{"taxonomy":"post_tag","embeddable":true,"href":"https:\/\/www.tucomarca.com\/wordpress\/segunda\/wp-json\/wp\/v2\/tags?post=3064"}],"curies":[{"name":"wp","href":"https:\/\/api.w.org\/{rel}","templated":true}]}}