{"id":3067,"date":"2012-06-06T17:43:59","date_gmt":"2012-06-06T15:43:59","guid":{"rendered":"http:\/\/www.tucomarca.com\/wordpress\/segunda\/?p=3067"},"modified":"2012-06-06T17:43:59","modified_gmt":"2012-06-06T15:43:59","slug":"la-feria-%c2%abecoart%c2%bb-llega-a-tuejar-para-ensenar-a-reciclar-aparatos-electricos","status":"publish","type":"post","link":"https:\/\/www.tucomarca.com\/wordpress\/segunda\/la-feria-%c2%abecoart%c2%bb-llega-a-tuejar-para-ensenar-a-reciclar-aparatos-electricos\/","title":{"rendered":"La feria \u00abEcoart\u00bb llega a Tu\u00e9jar para ense\u00f1ar a reciclar aparatos el\u00e9ctricos"},"content":{"rendered":"<figure id=\"attachment_3068\" aria-describedby=\"caption-attachment-3068\" style=\"width: 300px\" class=\"wp-caption alignleft\"><a href=\"https:\/\/www.tucomarca.com\/wordpress\/segunda\/wp-content\/uploads\/2012\/06\/Tuejar.jpg\"><img loading=\"lazy\" decoding=\"async\" class=\"size-medium wp-image-3068\" title=\"Tuejar\" src=\"https:\/\/www.tucomarca.com\/wordpress\/segunda\/wp-content\/uploads\/2012\/06\/Tuejar-300x194.jpg\" alt=\"Los expositores albergan divertidos talleres y juegos.\" width=\"300\" height=\"194\" srcset=\"https:\/\/www.tucomarca.com\/wordpress\/segunda\/wp-content\/uploads\/2012\/06\/Tuejar-300x194.jpg 300w, https:\/\/www.tucomarca.com\/wordpress\/segunda\/wp-content\/uploads\/2012\/06\/Tuejar-1024x665.jpg 1024w\" sizes=\"auto, (max-width: 300px) 100vw, 300px\" \/><\/a><figcaption id=\"caption-attachment-3068\" class=\"wp-caption-text\">Los expositores albergan divertidos talleres y juegos.<\/figcaption><\/figure>\n<p>Un total de 18 carpas expositoras y 18 monitores han servido para informar en Tu\u00e9jar a m\u00e1s de un centenar de personas sobre la importancia del reciclaje de aparatos el\u00e9ctricos y electr\u00f3nicos en desuso que se generan en los hogares. Igualmente, en la jornada del pasado domingo se inform\u00f3 del valor de los residuos a trav\u00e9s de acciones l\u00fadicas y formativas, como talleres y juegos.<\/p>\n<p>En esta primera edici\u00f3n de la feria &#8216;Ecoart&#8217; en Tu\u00e9jar, tambi\u00e9n se ha advertido a los participantes sobre los diferentes canales autorizados para el reciclaje de estos aparatos, como los ecoparques, los comercios y la recogida de deshechos voluminosos que realizan los ayuntamientos.<\/p>\n<p>La Diputaci\u00f3n de Valencia, en el marco del proyecto europeo &#8216;Ecovitrum&#8217;, ha dise\u00f1ado esta campa\u00f1a de educaci\u00f3n medioambiental dirigida a la poblaci\u00f3n escolar de la provincia de Valencia.<\/p>\n<p>Entre la amplia muestra de actividades que albergan los 18 expositores, destaca el taller &#8216;Te damos algo a cambio&#8217;, con el que se pretende trasladar a los asistentes el valor de los residuos intercambiando aparatos el\u00e9ctricos y electr\u00f3nicos por material promocional de la campa\u00f1a.<\/p>\n<p><strong>Talleres y actividades para ni\u00f1os <\/strong><\/p>\n<p>La feria tambi\u00e9n acoge dos puestos de talleres en los que se realizan abalorios con residuos electr\u00f3nicos, como ejemplo de la importancia de su reutilizaci\u00f3n y reciclaje.<\/p>\n<p>Los m\u00e1s peque\u00f1os disponen de un expositor en el cual pintan y dibujan la mascota de Ecovitrum.<\/p>\n<p>Adem\u00e1s, Ecoart tambi\u00e9n alberga un estand para que los ni\u00f1os que lo deseen puedan pintarse la cara con motivos relacionados con el reciclaje y tambi\u00e9n se ha creado un puesto de desmontaje para analizar los aparatos el\u00e9ctricos por personal de la empresa RAEE Recytech.<\/p>\n<p>El objetivo de esta feria es que el p\u00fablico conozca las diferentes piezas de estos productos y cu\u00e1les pueden ser reutilizadas, as\u00ed como informar sobre la gesti\u00f3n que se realiza en las plantas de tratamiento de los diferentes residuos depositados en ecoparques.<\/p>\n<p>La feria tambi\u00e9n alberga un taller de arte para crear objetos con restos de aparatos, como portal\u00e1pices, coches o esculturas para demostrar que los residuos pueden convertirse en objetos \u00fatiles. Muestra, tambi\u00e9n, los diferentes conceptos de reciclaje, generaci\u00f3n, reutilizaci\u00f3n y dep\u00f3sito de desechos a trav\u00e9s de una gymcana. Ecoart se completa con la actividad &#8216;T\u00fa eres la estrella&#8217;, en la que mediante un entrevistador formula breves preguntas a los asistentes mientras graba un operador de c\u00e1mara.<\/p>\n<p>Los m\u00e1s peque\u00f1os de la casa tambi\u00e9n tienen su espacio en esta jornada con un divertido cuentacuentos. Con el objetivo de animar a los ni\u00f1os y ni\u00f1as, se relata una divertida historia que les ense\u00f1a lo que es un ecoparque y para qu\u00e9 sirve.<\/p>\n","protected":false},"excerpt":{"rendered":"<div class=\"mh-excerpt\">Un total de 18 carpas expositoras y 18 monitores han servido para informar en Tu\u00e9jar a m\u00e1s de un centenar de personas sobre la importancia del reciclaje de aparatos el\u00e9ctricos y electr\u00f3nicos en desuso que <a class=\"mh-excerpt-more\" href=\"https:\/\/www.tucomarca.com\/wordpress\/segunda\/la-feria-%c2%abecoart%c2%bb-llega-a-tuejar-para-ensenar-a-reciclar-aparatos-electricos\/\" title=\"La feria \u00abEcoart\u00bb llega a Tu\u00e9jar para ense\u00f1ar a reciclar aparatos el\u00e9ctricos\">[+] <\/a><\/div>\n","protected":false},"author":1,"featured_media":3068,"comment_status":"open","ping_status":"open","sticky":false,"template":"","format":"standard","meta":{"footnotes":""},"categories":[59,7,3,134],"tags":[],"class_list":{"0":"post-3067","1":"post","2":"type-post","3":"status-publish","4":"format-standard","5":"has-post-thumbnail","7":"category-los-serranos","8":"category-ocio-y-cultura","9":"category-seccion","10":"category-tuejar"},"_links":{"self":[{"href":"https:\/\/www.tucomarca.com\/wordpress\/segunda\/wp-json\/wp\/v2\/posts\/3067","targetHints":{"allow":["GET"]}}],"collection":[{"href":"https:\/\/www.tucomarca.com\/wordpress\/segunda\/wp-json\/wp\/v2\/posts"}],"about":[{"href":"https:\/\/www.tucomarca.com\/wordpress\/segunda\/wp-json\/wp\/v2\/types\/post"}],"author":[{"embeddable":true,"href":"https:\/\/www.tucomarca.com\/wordpress\/segunda\/wp-json\/wp\/v2\/users\/1"}],"replies":[{"embeddable":true,"href":"https:\/\/www.tucomarca.com\/wordpress\/segunda\/wp-json\/wp\/v2\/comments?post=3067"}],"version-history":[{"count":0,"href":"https:\/\/www.tucomarca.com\/wordpress\/segunda\/wp-json\/wp\/v2\/posts\/3067\/revisions"}],"wp:featuredmedia":[{"embeddable":true,"href":"https:\/\/www.tucomarca.com\/wordpress\/segunda\/wp-json\/wp\/v2\/media\/3068"}],"wp:attachment":[{"href":"https:\/\/www.tucomarca.com\/wordpress\/segunda\/wp-json\/wp\/v2\/media?parent=3067"}],"wp:term":[{"taxonomy":"category","embeddable":true,"href":"https:\/\/www.tucomarca.com\/wordpress\/segunda\/wp-json\/wp\/v2\/categories?post=3067"},{"taxonomy":"post_tag","embeddable":true,"href":"https:\/\/www.tucomarca.com\/wordpress\/segunda\/wp-json\/wp\/v2\/tags?post=3067"}],"curies":[{"name":"wp","href":"https:\/\/api.w.org\/{rel}","templated":true}]}}