{"id":3071,"date":"2012-06-06T17:47:56","date_gmt":"2012-06-06T15:47:56","guid":{"rendered":"http:\/\/www.tucomarca.com\/wordpress\/segunda\/?p=3071"},"modified":"2012-06-06T17:47:56","modified_gmt":"2012-06-06T15:47:56","slug":"loriguilla-contara-con-una-nueva-plaza-gracias-a-la-ayuda-de-la-diputacion","status":"publish","type":"post","link":"https:\/\/www.tucomarca.com\/wordpress\/segunda\/loriguilla-contara-con-una-nueva-plaza-gracias-a-la-ayuda-de-la-diputacion\/","title":{"rendered":"Loriguilla contar\u00e1 con una nueva plaza gracias a la ayuda de la Diputaci\u00f3n"},"content":{"rendered":"<figure id=\"attachment_3072\" aria-describedby=\"caption-attachment-3072\" style=\"width: 300px\" class=\"wp-caption alignleft\"><a href=\"https:\/\/www.tucomarca.com\/wordpress\/segunda\/wp-content\/uploads\/2012\/06\/alcaldeloriguilla.jpg\"><img loading=\"lazy\" decoding=\"async\" class=\"size-medium wp-image-3072\" title=\"alcaldeloriguilla\" src=\"https:\/\/www.tucomarca.com\/wordpress\/segunda\/wp-content\/uploads\/2012\/06\/alcaldeloriguilla-300x194.jpg\" alt=\"El diputado Francisco Tarazona, Alfonso Rus y Jos\u00e9 Javier Cervera. \" width=\"300\" height=\"194\" srcset=\"https:\/\/www.tucomarca.com\/wordpress\/segunda\/wp-content\/uploads\/2012\/06\/alcaldeloriguilla-300x194.jpg 300w, https:\/\/www.tucomarca.com\/wordpress\/segunda\/wp-content\/uploads\/2012\/06\/alcaldeloriguilla-1024x665.jpg 1024w\" sizes=\"auto, (max-width: 300px) 100vw, 300px\" \/><\/a><figcaption id=\"caption-attachment-3072\" class=\"wp-caption-text\">El diputado Francisco Tarazona, Alfonso Rus y Jos\u00e9 Javier Cervera. <\/figcaption><\/figure>\n<p>La Diputaci\u00f3n de Valencia impulsar\u00e1 la construcci\u00f3n de una plaza en Loriguilla que servir\u00e1 de escenario para actos p\u00fablicos y reuniones y dispondr\u00e1 de una zona de ocio y entretenimiento para ni\u00f1os y j\u00f3venes. As\u00ed se ha acordado en el encuentro que ha mantenido el presidente Alfonso Rus con el alcalde de la localidad, Jos\u00e9 Javier Cervera, con el fin de analizar la situaci\u00f3n actual del municipio.<\/p>\n<p>\u00abDebido al crecimiento de la poblaci\u00f3n que ha vivido Loriguilla en los \u00faltimos a\u00f1os, la plaza Mayor se ha quedado peque\u00f1a para celebrar nuestras fiestas\u00bb, ha informado el responsable municipal.<\/p>\n<p>\u00abEn concreto, se construir\u00e1 un punto de encuentro para los vecinos con juegos para los m\u00e1s peque\u00f1os, mobiliario urbano y zonas de recreo para que la gente pueda pasear\u00bb, ha aseverado el alcalde.<\/p>\n<p>Por \u00faltimo, el alcalde ha aprovechado el encuentro para comentar que la Diputaci\u00f3n de Valencia es una instituci\u00f3n \u00abmuy necesaria para los municipios puesto que, sin su ayuda, no podr\u00edamos ofrecer ning\u00fan servicio a los ciudadanos\u00bb.<\/p>\n","protected":false},"excerpt":{"rendered":"<div class=\"mh-excerpt\">La Diputaci\u00f3n de Valencia impulsar\u00e1 la construcci\u00f3n de una plaza en Loriguilla que servir\u00e1 de escenario para actos p\u00fablicos y reuniones y dispondr\u00e1 de una zona de ocio y entretenimiento para ni\u00f1os y j\u00f3venes. As\u00ed <a class=\"mh-excerpt-more\" href=\"https:\/\/www.tucomarca.com\/wordpress\/segunda\/loriguilla-contara-con-una-nueva-plaza-gracias-a-la-ayuda-de-la-diputacion\/\" title=\"Loriguilla contar\u00e1 con una nueva plaza gracias a la ayuda de la Diputaci\u00f3n\">[+] <\/a><\/div>\n","protected":false},"author":1,"featured_media":3072,"comment_status":"open","ping_status":"open","sticky":false,"template":"","format":"standard","meta":{"footnotes":""},"categories":[46,128,8,178,3],"tags":[],"class_list":{"0":"post-3071","1":"post","2":"type-post","3":"status-publish","4":"format-standard","5":"has-post-thumbnail","7":"category-camp-de-turia","8":"category-infraestructuras","9":"category-la-comarca","10":"category-loriguilla","11":"category-seccion"},"_links":{"self":[{"href":"https:\/\/www.tucomarca.com\/wordpress\/segunda\/wp-json\/wp\/v2\/posts\/3071","targetHints":{"allow":["GET"]}}],"collection":[{"href":"https:\/\/www.tucomarca.com\/wordpress\/segunda\/wp-json\/wp\/v2\/posts"}],"about":[{"href":"https:\/\/www.tucomarca.com\/wordpress\/segunda\/wp-json\/wp\/v2\/types\/post"}],"author":[{"embeddable":true,"href":"https:\/\/www.tucomarca.com\/wordpress\/segunda\/wp-json\/wp\/v2\/users\/1"}],"replies":[{"embeddable":true,"href":"https:\/\/www.tucomarca.com\/wordpress\/segunda\/wp-json\/wp\/v2\/comments?post=3071"}],"version-history":[{"count":0,"href":"https:\/\/www.tucomarca.com\/wordpress\/segunda\/wp-json\/wp\/v2\/posts\/3071\/revisions"}],"wp:featuredmedia":[{"embeddable":true,"href":"https:\/\/www.tucomarca.com\/wordpress\/segunda\/wp-json\/wp\/v2\/media\/3072"}],"wp:attachment":[{"href":"https:\/\/www.tucomarca.com\/wordpress\/segunda\/wp-json\/wp\/v2\/media?parent=3071"}],"wp:term":[{"taxonomy":"category","embeddable":true,"href":"https:\/\/www.tucomarca.com\/wordpress\/segunda\/wp-json\/wp\/v2\/categories?post=3071"},{"taxonomy":"post_tag","embeddable":true,"href":"https:\/\/www.tucomarca.com\/wordpress\/segunda\/wp-json\/wp\/v2\/tags?post=3071"}],"curies":[{"name":"wp","href":"https:\/\/api.w.org\/{rel}","templated":true}]}}