{"id":3075,"date":"2012-06-06T18:00:07","date_gmt":"2012-06-06T16:00:07","guid":{"rendered":"http:\/\/www.tucomarca.com\/wordpress\/segunda\/?p=3075"},"modified":"2012-06-06T18:11:24","modified_gmt":"2012-06-06T16:11:24","slug":"el-centro-de-salud-publica-declara-que-el-agua-de-la-urbanizacion-chivana-de-calicanto-no-es-apta-para-el-consumo-humano","status":"publish","type":"post","link":"https:\/\/www.tucomarca.com\/wordpress\/segunda\/el-centro-de-salud-publica-declara-que-el-agua-de-la-urbanizacion-chivana-de-calicanto-no-es-apta-para-el-consumo-humano\/","title":{"rendered":"El Centro de Salud P\u00fablica declara que el agua de la urbanizaci\u00f3n chivana de Calicanto no es apta para el consumo humano"},"content":{"rendered":"<p>El Centro de Salud P\u00fablica ha remitido un informe al Ayuntamiento de Chiva donde declara que el agua que se suministra en la urbanizaci\u00f3n de Calicanto no es apta para el consumo humano, tal como han informado fuentes del consistorio local. \u00abEn el informe explica que ante la imposibilidad de tomar muestras para verificar el par\u00e1metro alterado por encima de l\u00edmites legales en el Pozo San Miguel, ubicado en Calicanto, y como medida de precauci\u00f3n por riesgo para la salud, el agua en el abastecimiento Chiva 3-Cumbres de Calicanto se declara no apta para el consumo, pudiendo ser utilizada para cualquier otro uso hasta nueva orden\u00bb, han a\u00f1adido las fuentes municipales.<\/p>\n<p>\u00abDesde el Ayuntamiento queremos transmitir este mensaje a los vecinos de la zona afectada con el fin de alertarles ante los posibles riesgos para la salud que supone consumir este agua\u00bb. El Ayuntamiento \u00ablamenta esta situaci\u00f3n al tiempo que insiste en la necesidad de trabajar para garantizar el servicio en condiciones \u00f3ptimas para sus vecinos\u00bb, han explicado las mismas fuentes.<\/p>\n","protected":false},"excerpt":{"rendered":"<div class=\"mh-excerpt\">El Centro de Salud P\u00fablica ha remitido un informe al Ayuntamiento de Chiva donde declara que el agua que se suministra en la urbanizaci\u00f3n de Calicanto no es apta para el consumo humano, tal como <a class=\"mh-excerpt-more\" href=\"https:\/\/www.tucomarca.com\/wordpress\/segunda\/el-centro-de-salud-publica-declara-que-el-agua-de-la-urbanizacion-chivana-de-calicanto-no-es-apta-para-el-consumo-humano\/\" title=\"El Centro de Salud P\u00fablica declara que el agua de la urbanizaci\u00f3n chivana de Calicanto no es apta para el consumo humano\">[+] <\/a><\/div>\n","protected":false},"author":1,"featured_media":0,"comment_status":"open","ping_status":"open","sticky":false,"template":"","format":"standard","meta":{"footnotes":""},"categories":[119,16,128,8,10,3],"tags":[],"class_list":{"0":"post-3075","1":"post","2":"type-post","3":"status-publish","4":"format-standard","6":"category-sanidad-la-comarca","7":"category-chiva","8":"category-infraestructuras","9":"category-la-comarca","10":"category-la-hoya","11":"category-seccion"},"_links":{"self":[{"href":"https:\/\/www.tucomarca.com\/wordpress\/segunda\/wp-json\/wp\/v2\/posts\/3075","targetHints":{"allow":["GET"]}}],"collection":[{"href":"https:\/\/www.tucomarca.com\/wordpress\/segunda\/wp-json\/wp\/v2\/posts"}],"about":[{"href":"https:\/\/www.tucomarca.com\/wordpress\/segunda\/wp-json\/wp\/v2\/types\/post"}],"author":[{"embeddable":true,"href":"https:\/\/www.tucomarca.com\/wordpress\/segunda\/wp-json\/wp\/v2\/users\/1"}],"replies":[{"embeddable":true,"href":"https:\/\/www.tucomarca.com\/wordpress\/segunda\/wp-json\/wp\/v2\/comments?post=3075"}],"version-history":[{"count":0,"href":"https:\/\/www.tucomarca.com\/wordpress\/segunda\/wp-json\/wp\/v2\/posts\/3075\/revisions"}],"wp:attachment":[{"href":"https:\/\/www.tucomarca.com\/wordpress\/segunda\/wp-json\/wp\/v2\/media?parent=3075"}],"wp:term":[{"taxonomy":"category","embeddable":true,"href":"https:\/\/www.tucomarca.com\/wordpress\/segunda\/wp-json\/wp\/v2\/categories?post=3075"},{"taxonomy":"post_tag","embeddable":true,"href":"https:\/\/www.tucomarca.com\/wordpress\/segunda\/wp-json\/wp\/v2\/tags?post=3075"}],"curies":[{"name":"wp","href":"https:\/\/api.w.org\/{rel}","templated":true}]}}