{"id":3078,"date":"2012-06-06T18:07:22","date_gmt":"2012-06-06T16:07:22","guid":{"rendered":"http:\/\/www.tucomarca.com\/wordpress\/segunda\/?p=3078"},"modified":"2012-06-06T18:07:22","modified_gmt":"2012-06-06T16:07:22","slug":"los-centros-de-salud-publica-de-torrent-valencia-y-utiel-obtienen-el-certificado-de-excelencia-en-calidad","status":"publish","type":"post","link":"https:\/\/www.tucomarca.com\/wordpress\/segunda\/los-centros-de-salud-publica-de-torrent-valencia-y-utiel-obtienen-el-certificado-de-excelencia-en-calidad\/","title":{"rendered":"Los Centros de Salud P\u00fablica de Torrent, Valencia y Utiel obtienen el certificado de excelencia en calidad"},"content":{"rendered":"<p style=\"text-align: left;\">\n<figure id=\"attachment_3079\" aria-describedby=\"caption-attachment-3079\" style=\"width: 614px\" class=\"wp-caption aligncenter\"><a href=\"https:\/\/www.tucomarca.com\/wordpress\/segunda\/wp-content\/uploads\/2012\/06\/centroutiel.jpg\"><img loading=\"lazy\" decoding=\"async\" class=\"size-large wp-image-3079  \" title=\"centroutiel\" src=\"https:\/\/www.tucomarca.com\/wordpress\/segunda\/wp-content\/uploads\/2012\/06\/centroutiel-1024x626.jpg\" alt=\"Los Centros de Salud P\u00fablica de Torrent, Valencia y Utiel obtienen el certificado de excelencia en calidad.\" width=\"614\" height=\"376\" \/><\/a><figcaption id=\"caption-attachment-3079\" class=\"wp-caption-text\">Los Centros de Salud P\u00fablica de Torrent, Valencia y Utiel obtienen el certificado de excelencia en calidad.<\/figcaption><\/figure>\n<p>El director general de Investigaci\u00f3n y Salud P\u00fablica, Manuel Escolano, ha hecho entrega del certificado de calidad a los respectivos directores de los Centros de Salud P\u00fablica de Torrent, Caridad Garc\u00eda, Valencia, Jos\u00e9 Luis Fabado, y Utiel, Rafael Cerver\u00f3, por la calidad que ofrecen estos centros.<\/p>\n<p>Seg\u00fan Escolano, \u00abel objetivo de la acreditaci\u00f3n es garantizar la calidad y la seguridad de los servicios prestados, que en los centros de Salud P\u00fablica son dos premisas esenciales para el desarrollo de los procesos y la atenci\u00f3n al ciudadano, pues su objetivo primordial es mejorar la salud de las poblaciones a trav\u00e9s de la prevenci\u00f3n de las enfermedades y la promoci\u00f3n de la salud.\u00bb<\/p>\n<p>Estos centros incorporan los enfoques de equipos multidisciplinares integrados por profesionales sanitarios y no sanitarios. Este dictamen supone el reconocimiento a la labor que han realizado, es el resultado de un trabajo en com\u00fan que ha sabido unificar criterios y ha querido someterse, con car\u00e1cter voluntario, a la evaluaci\u00f3n de este organismo externo creado por la conselleria de Sanitat.<\/p>\n<p>De este modo, en 2011 INACEPS elabor\u00f3 el Manual para la Acreditaci\u00f3n de los Centros de Salud P\u00fablica con el objetivo de contribuir a la evaluaci\u00f3n de la calidad y poder comparar unos con otros. De esta forma, se fomenta la mejora continua y la normalizaci\u00f3n de los procesos que se desarrollan, con el consiguiente beneficio para toda la estructura de Salud P\u00fablica y de los usuarios.<\/p>\n<p>El manual est\u00e1 estructurado en diez \u00e1reas de evaluaci\u00f3n y compuesto por 53 criterios espec\u00edficos y con unos niveles de cumplimiento determinados por el consenso de expertos. \u2028\u2028Esta acreditaci\u00f3n tiene una validez de 3 a\u00f1os. \u00abLos objetivos obtenidos con esta acreditaci\u00f3n son muchos, pues se eval\u00faa no solo la calidad y seguridad, sino tambi\u00e9n la capacidad del centro para seguir mejorando en la gesti\u00f3n de los servicios que prestamos, en la prevenci\u00f3n y en la promoci\u00f3n de la salud\u00bb, ha destacado Escolano.<\/p>\n<p><strong>Nivel de excelente para los centros de Torrent, Valencia y Utiel<\/strong><\/p>\n<p>Los Centros de Salud P\u00fablica de Torrent, Valencia y Utiel han obtenido un nivel de excelente con 834 puntos, 830 puntos y 829 puntos sobre 1.000, respectivamente. \u2028\u2028Con un 100% de cumplimiento, destacan las dimensiones o \u00e1reas de evaluaci\u00f3n de Gesti\u00f3n de las Funciones Log\u00edsticas, Gesti\u00f3n de la Informaci\u00f3n y Relaci\u00f3n con la Poblaci\u00f3n y Aspectos \u00e9ticos. \u2028\u2028Adem\u00e1s, como puntos fuertes en estos tres centros destacan que disponen de una pol\u00edtica de calidad debidamente documentada identificando las necesidades de sus clientes y profesionales que lo integran, basada en la mejora continua de la calidad, la gesti\u00f3n \u00e9tica y responsabilidad social.<\/p>\n","protected":false},"excerpt":{"rendered":"<div class=\"mh-excerpt\">El director general de Investigaci\u00f3n y Salud P\u00fablica, Manuel Escolano, ha hecho entrega del certificado de calidad a los respectivos directores de los Centros de Salud P\u00fablica de Torrent, Caridad Garc\u00eda, Valencia, Jos\u00e9 Luis Fabado, <a class=\"mh-excerpt-more\" href=\"https:\/\/www.tucomarca.com\/wordpress\/segunda\/los-centros-de-salud-publica-de-torrent-valencia-y-utiel-obtienen-el-certificado-de-excelencia-en-calidad\/\" title=\"Los Centros de Salud P\u00fablica de Torrent, Valencia y Utiel obtienen el certificado de excelencia en calidad\">[+] <\/a><\/div>\n","protected":false},"author":1,"featured_media":3079,"comment_status":"open","ping_status":"open","sticky":false,"template":"","format":"standard","meta":{"footnotes":""},"categories":[119,8,27,3,29],"tags":[],"class_list":{"0":"post-3078","1":"post","2":"type-post","3":"status-publish","4":"format-standard","5":"has-post-thumbnail","7":"category-sanidad-la-comarca","8":"category-la-comarca","9":"category-requena-utiel","10":"category-seccion","11":"category-utiel"},"_links":{"self":[{"href":"https:\/\/www.tucomarca.com\/wordpress\/segunda\/wp-json\/wp\/v2\/posts\/3078","targetHints":{"allow":["GET"]}}],"collection":[{"href":"https:\/\/www.tucomarca.com\/wordpress\/segunda\/wp-json\/wp\/v2\/posts"}],"about":[{"href":"https:\/\/www.tucomarca.com\/wordpress\/segunda\/wp-json\/wp\/v2\/types\/post"}],"author":[{"embeddable":true,"href":"https:\/\/www.tucomarca.com\/wordpress\/segunda\/wp-json\/wp\/v2\/users\/1"}],"replies":[{"embeddable":true,"href":"https:\/\/www.tucomarca.com\/wordpress\/segunda\/wp-json\/wp\/v2\/comments?post=3078"}],"version-history":[{"count":0,"href":"https:\/\/www.tucomarca.com\/wordpress\/segunda\/wp-json\/wp\/v2\/posts\/3078\/revisions"}],"wp:featuredmedia":[{"embeddable":true,"href":"https:\/\/www.tucomarca.com\/wordpress\/segunda\/wp-json\/wp\/v2\/media\/3079"}],"wp:attachment":[{"href":"https:\/\/www.tucomarca.com\/wordpress\/segunda\/wp-json\/wp\/v2\/media?parent=3078"}],"wp:term":[{"taxonomy":"category","embeddable":true,"href":"https:\/\/www.tucomarca.com\/wordpress\/segunda\/wp-json\/wp\/v2\/categories?post=3078"},{"taxonomy":"post_tag","embeddable":true,"href":"https:\/\/www.tucomarca.com\/wordpress\/segunda\/wp-json\/wp\/v2\/tags?post=3078"}],"curies":[{"name":"wp","href":"https:\/\/api.w.org\/{rel}","templated":true}]}}