{"id":30802,"date":"2014-09-17T19:29:21","date_gmt":"2014-09-17T16:29:21","guid":{"rendered":"http:\/\/www.tucomarca.com\/wordpress\/segunda\/?p=30802"},"modified":"2014-09-17T19:29:21","modified_gmt":"2014-09-17T16:29:21","slug":"teresa-de-cofrentes-pone-en-marcha-dos-talleres-culturales","status":"publish","type":"post","link":"https:\/\/www.tucomarca.com\/wordpress\/segunda\/teresa-de-cofrentes-pone-en-marcha-dos-talleres-culturales\/","title":{"rendered":"Teresa de Cofrentes pone en marcha dos talleres culturales"},"content":{"rendered":"<p>El Servicio de Asistencia y Recursos Culturales (SARC) del \u00c1rea de Cultura de la Diputaci\u00f3n de Valencia ha programado para ma\u00f1ana jueves diferentes actividades culturales que se celebrar\u00e1n en cuatro poblaciones de la provincia.<\/p>\n<p>La localidad de Teresa de Cofrentes ofrece el taller \u201cRecicla tu camiseta\u201d, organizado Calderona Viva en el colegio p\u00fablico de la localidad a las 11:00 horas. Todo el mundo tiene camisetas viejas en casa de las que ya no se usan, en este taller los participantes tendr\u00e1n la posibilidad de renovarlas. Para ello pintaran, pegaran o coseran diferentes adornos sobre ellas. Adem\u00e1s, en la Casa de la Abad\u00eda a las 17.30 horas se iniciar\u00e1 el taller \u201cCuadros de flores secas\u201d, que consistir\u00e1 en la creaci\u00f3n de cuadros llenos de colorido y originalidad, empleando hojas de formas variadas, incluso utilizando hierbas arom\u00e1ticas o especias para decorar, con una personalidad y encanto especial.<\/p>\n<p>Beniarj\u00f3 recupera los relatos tradicionales de la provincia con el cuentacuentos \u201cContes tradicionals de la nostra terra\u201d en la biblioteca municipal a las 18:30 horas.<\/p>\n<p>Asimismo, Quart de les Valls, que contin\u00faa celebrando sus fiestas patronales, ofrece a las 23:00 el concierto D\u00fao Pir\u00e1mide en el polideportivo.<\/p>\n<p>Para finalizar, Montaverner inicia el taller \u201cCosm\u00e9ticos naturales: elaboraci\u00f3n propia en tiempo de crisis\u201d. Esta actividad se realiza en la Casa de la Cultura y dar\u00e1 comienzo a las 16:00 horas hasta el d\u00eda 19 de este mes.<\/p>\n","protected":false},"excerpt":{"rendered":"<div class=\"mh-excerpt\">El Servicio de Asistencia y Recursos Culturales (SARC) del \u00c1rea de Cultura de la Diputaci\u00f3n de Valencia ha programado para ma\u00f1ana jueves diferentes actividades culturales que se celebrar\u00e1n en cuatro poblaciones de la provincia. La <a class=\"mh-excerpt-more\" href=\"https:\/\/www.tucomarca.com\/wordpress\/segunda\/teresa-de-cofrentes-pone-en-marcha-dos-talleres-culturales\/\" title=\"Teresa de Cofrentes pone en marcha dos talleres culturales\">[+] <\/a><\/div>\n","protected":false},"author":2,"featured_media":0,"comment_status":"open","ping_status":"open","sticky":false,"template":"","format":"standard","meta":{"footnotes":""},"categories":[38,8,7,3,232],"tags":[204,5856,3049,10453],"class_list":{"0":"post-30802","1":"post","2":"type-post","3":"status-publish","4":"format-standard","6":"category-ayora-cofrentes","7":"category-la-comarca","8":"category-ocio-y-cultura","9":"category-seccion","10":"category-teresa-de-cofrentes","11":"tag-diputacion","12":"tag-dos-talleres","13":"tag-pone-en-marcha","14":"tag-teresa-de-cofrentes"},"_links":{"self":[{"href":"https:\/\/www.tucomarca.com\/wordpress\/segunda\/wp-json\/wp\/v2\/posts\/30802","targetHints":{"allow":["GET"]}}],"collection":[{"href":"https:\/\/www.tucomarca.com\/wordpress\/segunda\/wp-json\/wp\/v2\/posts"}],"about":[{"href":"https:\/\/www.tucomarca.com\/wordpress\/segunda\/wp-json\/wp\/v2\/types\/post"}],"author":[{"embeddable":true,"href":"https:\/\/www.tucomarca.com\/wordpress\/segunda\/wp-json\/wp\/v2\/users\/2"}],"replies":[{"embeddable":true,"href":"https:\/\/www.tucomarca.com\/wordpress\/segunda\/wp-json\/wp\/v2\/comments?post=30802"}],"version-history":[{"count":0,"href":"https:\/\/www.tucomarca.com\/wordpress\/segunda\/wp-json\/wp\/v2\/posts\/30802\/revisions"}],"wp:attachment":[{"href":"https:\/\/www.tucomarca.com\/wordpress\/segunda\/wp-json\/wp\/v2\/media?parent=30802"}],"wp:term":[{"taxonomy":"category","embeddable":true,"href":"https:\/\/www.tucomarca.com\/wordpress\/segunda\/wp-json\/wp\/v2\/categories?post=30802"},{"taxonomy":"post_tag","embeddable":true,"href":"https:\/\/www.tucomarca.com\/wordpress\/segunda\/wp-json\/wp\/v2\/tags?post=30802"}],"curies":[{"name":"wp","href":"https:\/\/api.w.org\/{rel}","templated":true}]}}