{"id":311748,"date":"2026-08-31T12:00:00","date_gmt":"2026-08-31T10:00:00","guid":{"rendered":"https:\/\/www.tucomarca.com\/wordpress\/segunda\/?p=311748"},"modified":"2026-08-31T13:31:18","modified_gmt":"2026-08-31T11:31:18","slug":"detenido-tras-prender-fuego-a-un-domicilio-en-la-localidad-de-anna","status":"publish","type":"post","link":"https:\/\/www.tucomarca.com\/wordpress\/segunda\/detenido-tras-prender-fuego-a-un-domicilio-en-la-localidad-de-anna\/","title":{"rendered":"Detenido tras prender fuego a un domicilio en la localidad de Anna"},"content":{"rendered":"\n<h3 class=\"wp-block-heading\">Los agentes lograron salvar la vida del detenido y, con la ayuda de los vecinos, extinguir el incendio antes de la llegada de los bomberos.<\/h3>\n\n\n\n<p class=\"wp-block-paragraph\">La Guardia Civil sofoca un incendio provocado en una vivienda de la localidad de Anna y detiene al responsable. Adem\u00e1s, varios vecinos tuvieron que ser atendidos por inhalaci\u00f3n de humo.\u00a0<\/p>\n\n\n\n<p class=\"wp-block-paragraph\">Los agentes son requeridos por el COS para dirigirse a la localidad de Anna donde al parecer hay una persona agresiva que est\u00e1 causando da\u00f1os en un domicilio.&nbsp;<\/p>\n\n\n\n<p class=\"wp-block-paragraph\">Una vez personados en la misma, los agentes comprueban que en la segunda planta de la casa un hombre se encuentra en el interior con la puerta cerrada. Se observa c\u00f3mo del interior sale humo, por lo que tras varios intentos de llamada por parte de los agentes sin respuesta, se accede rompiendo la puerta la cual estaba cerrada con llave.&nbsp;<\/p>\n\n\n\n<p class=\"wp-block-paragraph\">En el interior de la casa se halla un hombre entre mucho humo y un gran incendio. Esta persona est\u00e1 arrojando enseres a las llamas del comedor, tales como colchones y objetos textiles. Los agentes proceden a sacarlo entre una gran cantidad de humo y llamas. Una vez fuera, se le reduce, se le engrilleta y se le pone a salvo.&nbsp;<\/p>\n\n\n\n<p class=\"wp-block-paragraph\">Una vez asegurado el detenido, los agentes, con ayuda de algunos vecinos, intentan sofocar el incendio mediante el uso de cubos de agua, mangueras y el extintor del propio veh\u00edculo oficial. Finalmente, se consigue extinguir antes de la llegada de los bomberos.&nbsp;<\/p>\n\n\n\n<p class=\"wp-block-paragraph\">Como consecuencia de la actuaci\u00f3n, ambos agentes padecen inhalaci\u00f3n de humo y quemaduras leves. La persona, un hombre de 36 a\u00f1os y nacionalidad marroqu\u00ed, queda detenida en custodia en el hospital, ya que padece quemaduras. Dos vecinos de la localidad de Anna son trasladados de urgencia por inhalaci\u00f3n de humo. Adem\u00e1s, en la primera planta de la vivienda resid\u00eda el propietario junto a su familia, cuya vida, de no ser por la r\u00e1pida actuaci\u00f3n de los agentes, podr\u00eda haber corrido peligro.<\/p>\n\n\n\n<p class=\"wp-block-paragraph\">Durante el intento de sofocaci\u00f3n del incendio se evacua a un vecino colindante con la vivienda en llamas con aparente dificultad para andar.&nbsp;<\/p>\n\n\n\n<p class=\"wp-block-paragraph\">Al detenido se le atribuye un delito de incendio con peligro para la vida o integridad f\u00edsica y uno de da\u00f1os.&nbsp;<\/p>\n\n\n\n<p class=\"wp-block-paragraph\">La investigaci\u00f3n ha sido llevada a cabo por agentes del Puesto Principal de Canals.&nbsp;<\/p>\n\n\n\n<p class=\"wp-block-paragraph\">Las diligencias fueron entregadas en la Secci\u00f3n Civil y de Instrucci\u00f3n del Tribunal de X\u00e0tiva Plaza n\u00famero 2.<\/p>\n\n\n\n<p class=\"wp-block-paragraph\"><\/p>\n","protected":false},"excerpt":{"rendered":"<div class=\"mh-excerpt\">Los agentes lograron salvar la vida del detenido y, con la ayuda de los vecinos, extinguir el incendio antes de la llegada de los bomberos. La Guardia Civil sofoca un incendio provocado en una vivienda <a class=\"mh-excerpt-more\" href=\"https:\/\/www.tucomarca.com\/wordpress\/segunda\/detenido-tras-prender-fuego-a-un-domicilio-en-la-localidad-de-anna\/\" title=\"Detenido tras prender fuego a un domicilio en la localidad de Anna\">[+] <\/a><\/div>\n","protected":false},"author":13,"featured_media":200427,"comment_status":"closed","ping_status":"open","sticky":false,"template":"","format":"standard","meta":{"footnotes":""},"categories":[78,70,8,3,116,45],"tags":[10405,212,1452,33],"class_list":["post-311748","post","type-post","status-publish","format-standard","has-post-thumbnail","category-anna","category-la-canal-de-navarres","category-la-comarca","category-seccion","category-sucesos-la-comarca","category-ventana","tag-anna","tag-incendio","tag-la-canal-de-navarres-2","tag-sucesos"],"_links":{"self":[{"href":"https:\/\/www.tucomarca.com\/wordpress\/segunda\/wp-json\/wp\/v2\/posts\/311748","targetHints":{"allow":["GET"]}}],"collection":[{"href":"https:\/\/www.tucomarca.com\/wordpress\/segunda\/wp-json\/wp\/v2\/posts"}],"about":[{"href":"https:\/\/www.tucomarca.com\/wordpress\/segunda\/wp-json\/wp\/v2\/types\/post"}],"author":[{"embeddable":true,"href":"https:\/\/www.tucomarca.com\/wordpress\/segunda\/wp-json\/wp\/v2\/users\/13"}],"replies":[{"embeddable":true,"href":"https:\/\/www.tucomarca.com\/wordpress\/segunda\/wp-json\/wp\/v2\/comments?post=311748"}],"version-history":[{"count":2,"href":"https:\/\/www.tucomarca.com\/wordpress\/segunda\/wp-json\/wp\/v2\/posts\/311748\/revisions"}],"predecessor-version":[{"id":311779,"href":"https:\/\/www.tucomarca.com\/wordpress\/segunda\/wp-json\/wp\/v2\/posts\/311748\/revisions\/311779"}],"wp:featuredmedia":[{"embeddable":true,"href":"https:\/\/www.tucomarca.com\/wordpress\/segunda\/wp-json\/wp\/v2\/media\/200427"}],"wp:attachment":[{"href":"https:\/\/www.tucomarca.com\/wordpress\/segunda\/wp-json\/wp\/v2\/media?parent=311748"}],"wp:term":[{"taxonomy":"category","embeddable":true,"href":"https:\/\/www.tucomarca.com\/wordpress\/segunda\/wp-json\/wp\/v2\/categories?post=311748"},{"taxonomy":"post_tag","embeddable":true,"href":"https:\/\/www.tucomarca.com\/wordpress\/segunda\/wp-json\/wp\/v2\/tags?post=311748"}],"curies":[{"name":"wp","href":"https:\/\/api.w.org\/{rel}","templated":true}]}}