{"id":311758,"date":"2026-08-28T12:00:00","date_gmt":"2026-08-28T10:00:00","guid":{"rendered":"https:\/\/www.tucomarca.com\/wordpress\/segunda\/?p=311758"},"modified":"2026-08-31T13:25:07","modified_gmt":"2026-08-31T11:25:07","slug":"susana-camarero-resalta-que-la-singularidad-de-la-tomatina-refuerza-la-imagen-de-la-comunitat-valenciana-como-destino-turistico-internacional","status":"publish","type":"post","link":"https:\/\/www.tucomarca.com\/wordpress\/segunda\/susana-camarero-resalta-que-la-singularidad-de-la-tomatina-refuerza-la-imagen-de-la-comunitat-valenciana-como-destino-turistico-internacional\/","title":{"rendered":"Susana Camarero resalta que la singularidad de La Tomatina refuerza la imagen de la Comunitat Valenciana como destino tur\u00edstico internacional"},"content":{"rendered":"\n<h3 class=\"wp-block-heading\">La vicepresidenta asiste a esta popular fiesta, de Inter\u00e9s Tur\u00edstico Internacional, que celebra su 80 edici\u00f3n.<\/h3>\n\n\n\n<h3 class=\"wp-block-heading\">La titular de Igualdad visita el Punto Violeta de informaci\u00f3n, prevenci\u00f3n y atenci\u00f3n frente a las violencias sexuales instalado con motivo del evento.<\/h3>\n\n\n\n<p class=\"wp-block-paragraph\">La vicepresidenta primera y consellera de Vivienda, Empleo, Juventud e Igualdad, Susana Camarero, ha destacado que la singularidad de la Tomatina \u201crefuerza la imagen de la Comunitat Valenciana como destino tur\u00edstico internacional\u201d.<\/p>\n\n\n\n<p class=\"wp-block-paragraph\">As\u00ed lo ha manifestado durante su visita a esta popular fiesta, declarada de Inter\u00e9s Tur\u00edstico Internacional, que este a\u00f1o celebra su 80 edici\u00f3n.<\/p>\n\n\n\n<p class=\"wp-block-paragraph\">Camarero ha se\u00f1alado que se trata de un evento de \u201cenorme repercusi\u00f3n internacional\u201d caracterizado por la alegr\u00eda y la hospitalidad, en el que \u201cla diversidad, la convivencia y el compa\u00f1erismo son los verdaderos protagonistas\u201d.<\/p>\n\n\n\n<p class=\"wp-block-paragraph\">La vicepresidenta ha puesto de relieve tambi\u00e9n el impacto econ\u00f3mico y tur\u00edstico que supone la Tomatina por su capacidad para atraer visitantes de todo el mundo y contribuir a dinamizar la econom\u00eda local y del territorio.<\/p>\n\n\n\n<p class=\"wp-block-paragraph\">La Tomatina -ha se\u00f1alado Camarero- \u201ces la prueba de que desde un municipio valenciano se puede crear una marca internacional, convirtiendo una tradici\u00f3n local en una celebraci\u00f3n reconocida en todo el mundo. Una tradici\u00f3n que forma parte de nuestra identidad\u201d.<\/p>\n\n\n\n<p class=\"wp-block-paragraph\">Asimismo, ha a\u00f1adido que la Generalitat \u201cno solo reconoce la importancia de la Tomatina, sino que tambi\u00e9n la apoya y la promociona como escaparate internacional de la Comunitat Valenciana. Porque cuando una fiesta valenciana consigue que Bu\u00f1ol sea conocido en todo el mundo, tambi\u00e9n est\u00e1 proyectando nuestra tierra, nuestra cultura y nuestro turismo\u201d.<\/p>\n\n\n\n<p class=\"wp-block-paragraph\">Durante la jornada, la vicepresidenta ha visitado el punto de informaci\u00f3n, prevenci\u00f3n y atenci\u00f3n frente a las violencias sexuales (Punto Violeta) instalado por el Comisionado para la Lucha contra la Violencia sobre la Mujer con motivo de la celebraci\u00f3n de la Tomatina.<\/p>\n\n\n\n<p class=\"wp-block-paragraph\">Este Punto Violeta se integra en el despliegue de oficinas itinerantes de atenci\u00f3n a v\u00edctimas de agresiones sexuales en festivales, grandes conciertos y principales fiestas de la Comunitat Valenciana durante 2026.<\/p>\n\n\n\n<figure class=\"wp-block-image size-full\"><img loading=\"lazy\" decoding=\"async\" width=\"945\" height=\"531\" src=\"https:\/\/www.tucomarca.com\/wordpress\/segunda\/wp-content\/uploads\/2026\/08\/GVA_Foto2_Tomatina-1.jpeg\" alt=\"\" class=\"wp-image-311763\" srcset=\"https:\/\/www.tucomarca.com\/wordpress\/segunda\/wp-content\/uploads\/2026\/08\/GVA_Foto2_Tomatina-1.jpeg 945w, https:\/\/www.tucomarca.com\/wordpress\/segunda\/wp-content\/uploads\/2026\/08\/GVA_Foto2_Tomatina-1-678x381.jpeg 678w, https:\/\/www.tucomarca.com\/wordpress\/segunda\/wp-content\/uploads\/2026\/08\/GVA_Foto2_Tomatina-1-768x432.jpeg 768w\" sizes=\"auto, (max-width: 945px) 100vw, 945px\" \/><\/figure>\n\n\n\n<p class=\"wp-block-paragraph\"><\/p>\n","protected":false},"excerpt":{"rendered":"<div class=\"mh-excerpt\">La vicepresidenta asiste a esta popular fiesta, de Inter\u00e9s Tur\u00edstico Internacional, que celebra su 80 edici\u00f3n. La titular de Igualdad visita el Punto Violeta de informaci\u00f3n, prevenci\u00f3n y atenci\u00f3n frente a las violencias sexuales instalado <a class=\"mh-excerpt-more\" href=\"https:\/\/www.tucomarca.com\/wordpress\/segunda\/susana-camarero-resalta-que-la-singularidad-de-la-tomatina-refuerza-la-imagen-de-la-comunitat-valenciana-como-destino-turistico-internacional\/\" title=\"Susana Camarero resalta que la singularidad de La Tomatina refuerza la imagen de la Comunitat Valenciana como destino tur\u00edstico internacional\">[+] <\/a><\/div>\n","protected":false},"author":13,"featured_media":311761,"comment_status":"closed","ping_status":"open","sticky":false,"template":"","format":"image","meta":{"footnotes":""},"categories":[18,8,72,10,5,7,383,3,45],"tags":[10385,10716,2142,5952,96],"class_list":["post-311758","post","type-post","status-publish","format-image","has-post-thumbnail","category-bunol","category-la-comarca","category-sin-categorizar","category-la-hoya","category-la-semana-en-imagenes","category-ocio-y-cultura","category-pueblos-en-fiestas","category-seccion","category-ventana","tag-bunol","tag-generalitat-valenciana","tag-la-comunitat","tag-la-hoya-de-bunol-chiva","tag-tomatina","post_format-post-format-image"],"_links":{"self":[{"href":"https:\/\/www.tucomarca.com\/wordpress\/segunda\/wp-json\/wp\/v2\/posts\/311758","targetHints":{"allow":["GET"]}}],"collection":[{"href":"https:\/\/www.tucomarca.com\/wordpress\/segunda\/wp-json\/wp\/v2\/posts"}],"about":[{"href":"https:\/\/www.tucomarca.com\/wordpress\/segunda\/wp-json\/wp\/v2\/types\/post"}],"author":[{"embeddable":true,"href":"https:\/\/www.tucomarca.com\/wordpress\/segunda\/wp-json\/wp\/v2\/users\/13"}],"replies":[{"embeddable":true,"href":"https:\/\/www.tucomarca.com\/wordpress\/segunda\/wp-json\/wp\/v2\/comments?post=311758"}],"version-history":[{"count":2,"href":"https:\/\/www.tucomarca.com\/wordpress\/segunda\/wp-json\/wp\/v2\/posts\/311758\/revisions"}],"predecessor-version":[{"id":311773,"href":"https:\/\/www.tucomarca.com\/wordpress\/segunda\/wp-json\/wp\/v2\/posts\/311758\/revisions\/311773"}],"wp:featuredmedia":[{"embeddable":true,"href":"https:\/\/www.tucomarca.com\/wordpress\/segunda\/wp-json\/wp\/v2\/media\/311761"}],"wp:attachment":[{"href":"https:\/\/www.tucomarca.com\/wordpress\/segunda\/wp-json\/wp\/v2\/media?parent=311758"}],"wp:term":[{"taxonomy":"category","embeddable":true,"href":"https:\/\/www.tucomarca.com\/wordpress\/segunda\/wp-json\/wp\/v2\/categories?post=311758"},{"taxonomy":"post_tag","embeddable":true,"href":"https:\/\/www.tucomarca.com\/wordpress\/segunda\/wp-json\/wp\/v2\/tags?post=311758"}],"curies":[{"name":"wp","href":"https:\/\/api.w.org\/{rel}","templated":true}]}}