{"id":311772,"date":"2026-08-30T12:45:00","date_gmt":"2026-08-30T10:45:00","guid":{"rendered":"https:\/\/www.tucomarca.com\/wordpress\/segunda\/?p=311772"},"modified":"2026-08-31T19:24:49","modified_gmt":"2026-08-31T17:24:49","slug":"detenido-un-hombre-de-62-anos-en-chiva-durante-las-fiestas-patronales-con-drogas-y-dos-boligrafos-pistola","status":"publish","type":"post","link":"https:\/\/www.tucomarca.com\/wordpress\/segunda\/detenido-un-hombre-de-62-anos-en-chiva-durante-las-fiestas-patronales-con-drogas-y-dos-boligrafos-pistola\/","title":{"rendered":"Detenido un hombre de 62 a\u00f1os en Chiva durante las fiestas patronales con drogas y dos bol\u00edgrafos-pistola"},"content":{"rendered":"\n<h3 class=\"wp-block-heading\">El arrestado habr\u00eda opuesto resistencia durante la detenci\u00f3n y uno de los agentes tuvo que recibir asistencia m\u00e9dica.<\/h3>\n\n\n\n<p class=\"wp-block-paragraph\">La Guardia Civil ha detenido a un hombre de 62 a\u00f1os en Chiva durante las fiestas patronales de la localidad por su presunta implicaci\u00f3n en delitos contra la salud p\u00fablica, tenencia il\u00edcita de armas y resistencia grave a agentes de la autoridad. El detenido portaba diferentes tipos de drogas, dos bol\u00edgrafos-pistola y munici\u00f3n del calibre 22.<\/p>\n\n\n\n<p class=\"wp-block-paragraph\">Los hechos ocurrieron este pasado\u00a0<strong>17 de agosto<\/strong>, cuando una patrulla de servicio se encontraba en las inmediaciones del aparcamiento de un local de ocio de Chiva. Los agentes observaron a un hombre que manten\u00eda una actitud esquiva y que, al percatarse de su presencia, habr\u00eda lanzado una mochila detr\u00e1s de un veh\u00edculo.<\/p>\n\n\n\n<p class=\"wp-block-paragraph\">Tras recuperar y abrir la mochila, los agentes localizaron en su interior&nbsp;<strong>cerca de 20 gramos de coca\u00edna, unos 100 gramos de hach\u00eds, varias pastillas de MDMA (\u00e9xtasis) y 140 euros en efectivo<\/strong>, adem\u00e1s de un bol\u00edgrafo-pistola cargado y preparado para detonar munici\u00f3n del calibre 22.<\/p>\n\n\n\n<p class=\"wp-block-paragraph\">Ante estos hechos, los agentes procedieron a detener al sospechoso. Durante el arresto se produjo un forcejeo en el que&nbsp;<strong>uno de los guardias civiles result\u00f3 lesionado<\/strong>, por lo que posteriormente tuvo que ser atendido en un centro de salud.<\/p>\n\n\n\n<p class=\"wp-block-paragraph\"><strong>Segundo bol\u00edgrafo-pistola en el veh\u00edculo<\/strong><\/p>\n\n\n\n<p class=\"wp-block-paragraph\">Entre las pertenencias del detenido se localizaron las llaves de un veh\u00edculo. Posteriormente, y en presencia tanto del arrestado como de su letrado, los agentes realizaron un registro del coche, donde encontraron&nbsp;<strong>otro bol\u00edgrafo-pistola y m\u00e1s munici\u00f3n del calibre 22<\/strong>. En total, fueron intervenidos tres cartuchos.<\/p>\n\n\n\n<p class=\"wp-block-paragraph\">El detenido, de nacionalidad espa\u00f1ola, se enfrenta a presuntos delitos contra la salud p\u00fablica, tenencia il\u00edcita de armas y resistencia grave a agentes de la autoridad.<\/p>\n\n\n\n<p class=\"wp-block-paragraph\">La actuaci\u00f3n fue llevada a cabo por agentes del&nbsp;<strong>Puesto Principal de Chiva<\/strong>. Las diligencias fueron entregadas en la Secci\u00f3n Civil y de Instrucci\u00f3n del&nbsp;<strong>Juzgado de Primera Instancia e Instrucci\u00f3n n\u00famero 2 de Requena<\/strong>.<\/p>\n","protected":false},"excerpt":{"rendered":"<div class=\"mh-excerpt\">El arrestado habr\u00eda opuesto resistencia durante la detenci\u00f3n y uno de los agentes tuvo que recibir asistencia m\u00e9dica. La Guardia Civil ha detenido a un hombre de 62 a\u00f1os en Chiva durante las fiestas patronales <a class=\"mh-excerpt-more\" href=\"https:\/\/www.tucomarca.com\/wordpress\/segunda\/detenido-un-hombre-de-62-anos-en-chiva-durante-las-fiestas-patronales-con-drogas-y-dos-boligrafos-pistola\/\" title=\"Detenido un hombre de 62 a\u00f1os en Chiva durante las fiestas patronales con drogas y dos bol\u00edgrafos-pistola\">[+] <\/a><\/div>\n","protected":false},"author":13,"featured_media":311973,"comment_status":"closed","ping_status":"open","sticky":false,"template":"","format":"standard","meta":{"footnotes":""},"categories":[16,8,10,3,116,45],"tags":[10384,951,1098,5952],"class_list":["post-311772","post","type-post","status-publish","format-standard","has-post-thumbnail","category-chiva","category-la-comarca","category-la-hoya","category-seccion","category-sucesos-la-comarca","category-ventana","tag-chiva","tag-detenido","tag-guardia-civil","tag-la-hoya-de-bunol-chiva"],"_links":{"self":[{"href":"https:\/\/www.tucomarca.com\/wordpress\/segunda\/wp-json\/wp\/v2\/posts\/311772","targetHints":{"allow":["GET"]}}],"collection":[{"href":"https:\/\/www.tucomarca.com\/wordpress\/segunda\/wp-json\/wp\/v2\/posts"}],"about":[{"href":"https:\/\/www.tucomarca.com\/wordpress\/segunda\/wp-json\/wp\/v2\/types\/post"}],"author":[{"embeddable":true,"href":"https:\/\/www.tucomarca.com\/wordpress\/segunda\/wp-json\/wp\/v2\/users\/13"}],"replies":[{"embeddable":true,"href":"https:\/\/www.tucomarca.com\/wordpress\/segunda\/wp-json\/wp\/v2\/comments?post=311772"}],"version-history":[{"count":2,"href":"https:\/\/www.tucomarca.com\/wordpress\/segunda\/wp-json\/wp\/v2\/posts\/311772\/revisions"}],"predecessor-version":[{"id":311970,"href":"https:\/\/www.tucomarca.com\/wordpress\/segunda\/wp-json\/wp\/v2\/posts\/311772\/revisions\/311970"}],"wp:featuredmedia":[{"embeddable":true,"href":"https:\/\/www.tucomarca.com\/wordpress\/segunda\/wp-json\/wp\/v2\/media\/311973"}],"wp:attachment":[{"href":"https:\/\/www.tucomarca.com\/wordpress\/segunda\/wp-json\/wp\/v2\/media?parent=311772"}],"wp:term":[{"taxonomy":"category","embeddable":true,"href":"https:\/\/www.tucomarca.com\/wordpress\/segunda\/wp-json\/wp\/v2\/categories?post=311772"},{"taxonomy":"post_tag","embeddable":true,"href":"https:\/\/www.tucomarca.com\/wordpress\/segunda\/wp-json\/wp\/v2\/tags?post=311772"}],"curies":[{"name":"wp","href":"https:\/\/api.w.org\/{rel}","templated":true}]}}