{"id":311847,"date":"2026-08-31T14:00:00","date_gmt":"2026-08-31T12:00:00","guid":{"rendered":"https:\/\/www.tucomarca.com\/wordpress\/segunda\/?p=311847"},"modified":"2026-08-31T19:00:33","modified_gmt":"2026-08-31T17:00:33","slug":"los-bomberos-extinguen-el-incendio-de-un-vehiculo-en-la-autovia-a-3-a-la-altura-de-bunol","status":"publish","type":"post","link":"https:\/\/www.tucomarca.com\/wordpress\/segunda\/los-bomberos-extinguen-el-incendio-de-un-vehiculo-en-la-autovia-a-3-a-la-altura-de-bunol\/","title":{"rendered":"Los bomberos extinguen el incendio de un veh\u00edculo en la Autov\u00eda A-3 a la altura de Bu\u00f1ol que ha obligado al corte de la carretera"},"content":{"rendered":"\n<h3 class=\"wp-block-heading\">El fuego tambi\u00e9n afect\u00f3 ligeramente al arc\u00e9n de la autov\u00eda y la intervenci\u00f3n finaliz\u00f3 a las 11,12 horas.<\/h3>\n\n\n\n<p class=\"wp-block-paragraph\">Los bomberos del Consorcio Provincial de Bomberos de Valencia han intervenido este lunes por la ma\u00f1ana en un\u00a0<strong>incendio de un veh\u00edculo en la A-3, a la altura de Bu\u00f1ol<\/strong>, que ha obligado al corte de la carretera y que ha causado colas de hasta cuatro kil\u00f3metros.<\/p>\n\n\n\n<p class=\"wp-block-paragraph\">El aviso se recibi\u00f3 a las&nbsp;<strong>9,26 horas<\/strong>, cuando se alert\u00f3 de que un coche se encontraba ardiendo en la autov\u00eda. Hasta el lugar se desplaz\u00f3 una&nbsp;<strong>dotaci\u00f3n del parque de Chiva<\/strong>, cuyos efectivos trabajaron en la extinci\u00f3n de las llamas.<\/p>\n\n\n\n<p class=\"wp-block-paragraph\">El fuego tambi\u00e9n hab\u00eda comenzado a afectar ligeramente al&nbsp;<strong>arc\u00e9n de la A-3<\/strong>, por lo que los bomberos actuaron para extinguir tanto el incendio del veh\u00edculo como el peque\u00f1o foco originado en el margen de la carretera.<\/p>\n\n\n\n<p class=\"wp-block-paragraph\">La intervenci\u00f3n del Consorcio Provincial de Bomberos de Valencia&nbsp;<strong>finaliz\u00f3 a las 11,12 horas<\/strong>. No se han facilitado m\u00e1s detalles sobre las causas del incendio ni sobre posibles da\u00f1os personales.<\/p>\n","protected":false},"excerpt":{"rendered":"<div class=\"mh-excerpt\">El fuego tambi\u00e9n afect\u00f3 ligeramente al arc\u00e9n de la autov\u00eda y la intervenci\u00f3n finaliz\u00f3 a las 11,12 horas. Los bomberos del Consorcio Provincial de Bomberos de Valencia han intervenido este lunes por la ma\u00f1ana en <a class=\"mh-excerpt-more\" href=\"https:\/\/www.tucomarca.com\/wordpress\/segunda\/los-bomberos-extinguen-el-incendio-de-un-vehiculo-en-la-autovia-a-3-a-la-altura-de-bunol\/\" title=\"Los bomberos extinguen el incendio de un veh\u00edculo en la Autov\u00eda A-3 a la altura de Bu\u00f1ol que ha obligado al corte de la carretera\">[+] <\/a><\/div>\n","protected":false},"author":13,"featured_media":311858,"comment_status":"closed","ping_status":"open","sticky":false,"template":"","format":"standard","meta":{"footnotes":""},"categories":[18,8,72,10,3,116,45],"tags":[10385,5952,33],"class_list":["post-311847","post","type-post","status-publish","format-standard","has-post-thumbnail","category-bunol","category-la-comarca","category-sin-categorizar","category-la-hoya","category-seccion","category-sucesos-la-comarca","category-ventana","tag-bunol","tag-la-hoya-de-bunol-chiva","tag-sucesos"],"_links":{"self":[{"href":"https:\/\/www.tucomarca.com\/wordpress\/segunda\/wp-json\/wp\/v2\/posts\/311847","targetHints":{"allow":["GET"]}}],"collection":[{"href":"https:\/\/www.tucomarca.com\/wordpress\/segunda\/wp-json\/wp\/v2\/posts"}],"about":[{"href":"https:\/\/www.tucomarca.com\/wordpress\/segunda\/wp-json\/wp\/v2\/types\/post"}],"author":[{"embeddable":true,"href":"https:\/\/www.tucomarca.com\/wordpress\/segunda\/wp-json\/wp\/v2\/users\/13"}],"replies":[{"embeddable":true,"href":"https:\/\/www.tucomarca.com\/wordpress\/segunda\/wp-json\/wp\/v2\/comments?post=311847"}],"version-history":[{"count":4,"href":"https:\/\/www.tucomarca.com\/wordpress\/segunda\/wp-json\/wp\/v2\/posts\/311847\/revisions"}],"predecessor-version":[{"id":311966,"href":"https:\/\/www.tucomarca.com\/wordpress\/segunda\/wp-json\/wp\/v2\/posts\/311847\/revisions\/311966"}],"wp:featuredmedia":[{"embeddable":true,"href":"https:\/\/www.tucomarca.com\/wordpress\/segunda\/wp-json\/wp\/v2\/media\/311858"}],"wp:attachment":[{"href":"https:\/\/www.tucomarca.com\/wordpress\/segunda\/wp-json\/wp\/v2\/media?parent=311847"}],"wp:term":[{"taxonomy":"category","embeddable":true,"href":"https:\/\/www.tucomarca.com\/wordpress\/segunda\/wp-json\/wp\/v2\/categories?post=311847"},{"taxonomy":"post_tag","embeddable":true,"href":"https:\/\/www.tucomarca.com\/wordpress\/segunda\/wp-json\/wp\/v2\/tags?post=311847"}],"curies":[{"name":"wp","href":"https:\/\/api.w.org\/{rel}","templated":true}]}}