{"id":311869,"date":"2026-08-30T12:30:00","date_gmt":"2026-08-30T10:30:00","guid":{"rendered":"https:\/\/www.tucomarca.com\/wordpress\/segunda\/?p=311869"},"modified":"2026-08-31T18:26:48","modified_gmt":"2026-08-31T16:26:48","slug":"los-bomberos-extinguen-un-incendio-en-la-cocina-de-una-casa-de-campo-en-catadau","status":"publish","type":"post","link":"https:\/\/www.tucomarca.com\/wordpress\/segunda\/los-bomberos-extinguen-un-incendio-en-la-cocina-de-una-casa-de-campo-en-catadau\/","title":{"rendered":"Los bomberos extinguen un incendio en la cocina de una casa de campo en Catadau"},"content":{"rendered":"\n<h3 class=\"wp-block-heading\">El fuego se ha declarado este s\u00e1bado por la ma\u00f1ana en una vivienda situada en el Cam\u00ed del Regaixo.<\/h3>\n\n\n\n<p class=\"wp-block-paragraph\">Los efectivos del Consorcio Provincial de Bomberos de Valencia han intervenido este s\u00e1bado por la ma\u00f1ana en un\u00a0<strong>incendio de vivienda en Catadau<\/strong>.<\/p>\n\n\n\n<p class=\"wp-block-paragraph\">El aviso se ha recibido a las\u00a0<strong>9,50 horas<\/strong>, alertando de un incendio en una vivienda situada en el\u00a0<strong>Cam\u00ed del Regaixo<\/strong>. Hasta el lugar se ha movilizado una\u00a0<strong>dotaci\u00f3n del parque de Silla, con sargento de Alzira<\/strong>.<\/p>\n\n\n\n<p class=\"wp-block-paragraph\">El fuego ha afectado concretamente a&nbsp;<strong>la cocina de una casa de campo<\/strong>. Los bomberos han trabajado en la extinci\u00f3n de las llamas y han logrado controlar y extinguir el incendio.<\/p>\n\n\n\n<p class=\"wp-block-paragraph\">Una vez finalizadas las labores de extinci\u00f3n, los efectivos se han retirado del lugar\u00a0<strong>alrededor de las 11,35 horas<\/strong>. No se han facilitado m\u00e1s detalles sobre las causas del incendio ni sobre posibles da\u00f1os personales.<\/p>\n","protected":false},"excerpt":{"rendered":"<div class=\"mh-excerpt\">El fuego se ha declarado este s\u00e1bado por la ma\u00f1ana en una vivienda situada en el Cam\u00ed del Regaixo. Los efectivos del Consorcio Provincial de Bomberos de Valencia han intervenido este s\u00e1bado por la ma\u00f1ana <a class=\"mh-excerpt-more\" href=\"https:\/\/www.tucomarca.com\/wordpress\/segunda\/los-bomberos-extinguen-un-incendio-en-la-cocina-de-una-casa-de-campo-en-catadau\/\" title=\"Los bomberos extinguen un incendio en la cocina de una casa de campo en Catadau\">[+] <\/a><\/div>\n","protected":false},"author":13,"featured_media":311870,"comment_status":"closed","ping_status":"open","sticky":false,"template":"","format":"standard","meta":{"footnotes":""},"categories":[155,128,8,42,3,116,45],"tags":[10422,3640,33],"class_list":["post-311869","post","type-post","status-publish","format-standard","has-post-thumbnail","category-catadau","category-infraestructuras","category-la-comarca","category-la-ribera","category-seccion","category-sucesos-la-comarca","category-ventana","tag-catadau","tag-la-ribera-alta","tag-sucesos"],"_links":{"self":[{"href":"https:\/\/www.tucomarca.com\/wordpress\/segunda\/wp-json\/wp\/v2\/posts\/311869","targetHints":{"allow":["GET"]}}],"collection":[{"href":"https:\/\/www.tucomarca.com\/wordpress\/segunda\/wp-json\/wp\/v2\/posts"}],"about":[{"href":"https:\/\/www.tucomarca.com\/wordpress\/segunda\/wp-json\/wp\/v2\/types\/post"}],"author":[{"embeddable":true,"href":"https:\/\/www.tucomarca.com\/wordpress\/segunda\/wp-json\/wp\/v2\/users\/13"}],"replies":[{"embeddable":true,"href":"https:\/\/www.tucomarca.com\/wordpress\/segunda\/wp-json\/wp\/v2\/comments?post=311869"}],"version-history":[{"count":2,"href":"https:\/\/www.tucomarca.com\/wordpress\/segunda\/wp-json\/wp\/v2\/posts\/311869\/revisions"}],"predecessor-version":[{"id":311883,"href":"https:\/\/www.tucomarca.com\/wordpress\/segunda\/wp-json\/wp\/v2\/posts\/311869\/revisions\/311883"}],"wp:featuredmedia":[{"embeddable":true,"href":"https:\/\/www.tucomarca.com\/wordpress\/segunda\/wp-json\/wp\/v2\/media\/311870"}],"wp:attachment":[{"href":"https:\/\/www.tucomarca.com\/wordpress\/segunda\/wp-json\/wp\/v2\/media?parent=311869"}],"wp:term":[{"taxonomy":"category","embeddable":true,"href":"https:\/\/www.tucomarca.com\/wordpress\/segunda\/wp-json\/wp\/v2\/categories?post=311869"},{"taxonomy":"post_tag","embeddable":true,"href":"https:\/\/www.tucomarca.com\/wordpress\/segunda\/wp-json\/wp\/v2\/tags?post=311869"}],"curies":[{"name":"wp","href":"https:\/\/api.w.org\/{rel}","templated":true}]}}