{"id":31191,"date":"2014-10-13T12:14:28","date_gmt":"2014-10-13T09:14:28","guid":{"rendered":"http:\/\/www.tucomarca.com\/wordpress\/segunda\/?p=31191"},"modified":"2014-10-13T12:14:32","modified_gmt":"2014-10-13T09:14:32","slug":"la-turisana-rocio-guaita-se-proclama-campeona-de-espana-de-taekwondo","status":"publish","type":"post","link":"https:\/\/www.tucomarca.com\/wordpress\/segunda\/la-turisana-rocio-guaita-se-proclama-campeona-de-espana-de-taekwondo\/","title":{"rendered":"La turisana Roc\u00edo Guaita se proclama campeona de Espa\u00f1a de Taekwondo"},"content":{"rendered":"<p><figure id=\"attachment_31192\" aria-describedby=\"caption-attachment-31192\" style=\"width: 300px\" class=\"wp-caption alignleft\"><a href=\"https:\/\/www.tucomarca.com\/wordpress\/segunda\/2014\/10\/la-turisana-rocio-guaita-se-proclama-campeona-de-espana-de-taekwondo\/rocio-con-sus-entrenadores\/\" rel=\"attachment wp-att-31192\"><img loading=\"lazy\" decoding=\"async\" src=\"https:\/\/www.tucomarca.com\/wordpress\/segunda\/wp-content\/uploads\/2014\/10\/Rocio-con-sus-entrenadores-300x225.jpg\" alt=\"\" title=\"Rocio con sus entrenadores\" width=\"300\" height=\"225\" class=\"size-medium wp-image-31192\" srcset=\"https:\/\/www.tucomarca.com\/wordpress\/segunda\/wp-content\/uploads\/2014\/10\/Rocio-con-sus-entrenadores-300x225.jpg 300w, https:\/\/www.tucomarca.com\/wordpress\/segunda\/wp-content\/uploads\/2014\/10\/Rocio-con-sus-entrenadores.jpg 960w\" sizes=\"auto, (max-width: 300px) 100vw, 300px\" \/><\/a><figcaption id=\"caption-attachment-31192\" class=\"wp-caption-text\">Roc\u00edo posa junto a sus entrenadores tras la exitosa cita nacional. e.mora<\/figcaption><\/figure>Roc\u00edo Guaita Jim\u00e9nez se apunta al oro cada vez que sube de categor\u00eda. Esta joven taekwondista de Tur\u00eds se acaba de proclamar campeona de Espa\u00f1a en la categor\u00eda Infantil tras hacer lo propio el a\u00f1o pasado en la de alev\u00edn.  Desde el Centro Deportivo Zafrilla, al que pertenece, le auguran un futuro prometedor. Informa Enrique Mora.<\/p>\n","protected":false},"excerpt":{"rendered":"<div class=\"mh-excerpt\">Roc\u00edo Guaita Jim\u00e9nez se apunta al oro cada vez que sube de categor\u00eda. Esta joven taekwondista de Tur\u00eds se acaba de proclamar campeona de Espa\u00f1a en la categor\u00eda Infantil tras hacer lo propio el a\u00f1o <a class=\"mh-excerpt-more\" href=\"https:\/\/www.tucomarca.com\/wordpress\/segunda\/la-turisana-rocio-guaita-se-proclama-campeona-de-espana-de-taekwondo\/\" title=\"La turisana Roc\u00edo Guaita se proclama campeona de Espa\u00f1a de Taekwondo\">[+] <\/a><\/div>\n","protected":false},"author":2,"featured_media":31192,"comment_status":"open","ping_status":"open","sticky":false,"template":"","format":"standard","meta":{"footnotes":""},"categories":[6,8,42,199,3,43],"tags":[5968,1749,864,5967,5969],"class_list":{"0":"post-31191","1":"post","2":"type-post","3":"status-publish","4":"format-standard","5":"has-post-thumbnail","7":"category-deportes","8":"category-la-comarca","9":"category-la-ribera","10":"category-polideportivo","11":"category-seccion","12":"category-turis","13":"tag-campeona","14":"tag-espana","15":"tag-infantil","16":"tag-rocio-guaita","17":"tag-taekwondo"},"_links":{"self":[{"href":"https:\/\/www.tucomarca.com\/wordpress\/segunda\/wp-json\/wp\/v2\/posts\/31191","targetHints":{"allow":["GET"]}}],"collection":[{"href":"https:\/\/www.tucomarca.com\/wordpress\/segunda\/wp-json\/wp\/v2\/posts"}],"about":[{"href":"https:\/\/www.tucomarca.com\/wordpress\/segunda\/wp-json\/wp\/v2\/types\/post"}],"author":[{"embeddable":true,"href":"https:\/\/www.tucomarca.com\/wordpress\/segunda\/wp-json\/wp\/v2\/users\/2"}],"replies":[{"embeddable":true,"href":"https:\/\/www.tucomarca.com\/wordpress\/segunda\/wp-json\/wp\/v2\/comments?post=31191"}],"version-history":[{"count":0,"href":"https:\/\/www.tucomarca.com\/wordpress\/segunda\/wp-json\/wp\/v2\/posts\/31191\/revisions"}],"wp:featuredmedia":[{"embeddable":true,"href":"https:\/\/www.tucomarca.com\/wordpress\/segunda\/wp-json\/wp\/v2\/media\/31192"}],"wp:attachment":[{"href":"https:\/\/www.tucomarca.com\/wordpress\/segunda\/wp-json\/wp\/v2\/media?parent=31191"}],"wp:term":[{"taxonomy":"category","embeddable":true,"href":"https:\/\/www.tucomarca.com\/wordpress\/segunda\/wp-json\/wp\/v2\/categories?post=31191"},{"taxonomy":"post_tag","embeddable":true,"href":"https:\/\/www.tucomarca.com\/wordpress\/segunda\/wp-json\/wp\/v2\/tags?post=31191"}],"curies":[{"name":"wp","href":"https:\/\/api.w.org\/{rel}","templated":true}]}}