{"id":311984,"date":"2026-08-31T09:00:00","date_gmt":"2026-08-31T07:00:00","guid":{"rendered":"https:\/\/www.tucomarca.com\/wordpress\/segunda\/?p=311984"},"modified":"2026-08-31T20:07:20","modified_gmt":"2026-08-31T18:07:20","slug":"benaguasil-da-el-pistoletazo-de-salida-a-sus-fiestas-patronales-con-la-presentacion-de-la-reina-y-del-clavario-mayor","status":"publish","type":"post","link":"https:\/\/www.tucomarca.com\/wordpress\/segunda\/benaguasil-da-el-pistoletazo-de-salida-a-sus-fiestas-patronales-con-la-presentacion-de-la-reina-y-del-clavario-mayor\/","title":{"rendered":"Benaguasil da el pistoletazo de salida a sus fiestas patronales con la presentaci\u00f3n de la Reina y del Clavario Mayor"},"content":{"rendered":"\n<h3 class=\"wp-block-heading\">Ana Cervera y Gabriel Alepuz fueron presentados c\u00f3mo m\u00e1ximos representantes de las fiestas en un emotivo acto celebrado en la Plaza Mayor.<\/h3>\n\n\n\n<p class=\"wp-block-paragraph\">Benaguasil ya est\u00e1 inmerso en sus fiestas patronales tras celebrar el pasado viernes el acto de Presentaci\u00f3n de la Reina de las Fiestas, Ana Cervera Gonz\u00e1lez, y su Corte de Honor, as\u00ed como del Clavario Mayor de San Luis Gonzaga, Gabriel Alepuz Bochons, y los festeros.<\/p>\n\n\n\n<p class=\"wp-block-paragraph\">La jornada arranc\u00f3 en el Ayuntamiento, donde la corporaci\u00f3n municipal recibi\u00f3 a las j\u00f3venes que forman parte de las fiestas para llevar a cabo el Pleno en el que se hizo oficial el nombramiento de las festeras y los llu\u00efsos. Una vez finalizada la parte institucional, la comitiva se traslad\u00f3 hasta la Plaza Mayor, escenario elegido para celebrar la Presentaci\u00f3n.<\/p>\n\n\n\n<p class=\"wp-block-paragraph\">El acto reuni\u00f3 a familiares y amigos de los protagonistas, adem\u00e1s de representantes de asociaciones, fallas, y miembros de la corporaci\u00f3n municipal. Sobre el escenario tambi\u00e9n estuvieron presentes la Reina de las Fiestas de 2025, Saray Aparicio Alonso, y el Lluis Major del pasado a\u00f1o, Iv\u00e1n Dom\u00e9nech Garcia-Oterm\u00edn, quienes tuvieron la oportunidad de despedirse de sus respectivos cargos.<\/p>\n\n\n\n<p class=\"wp-block-paragraph\">Uno de los momentos m\u00e1s destacados de la velada lleg\u00f3 con la imposici\u00f3n de la corona a Ana Cervera, que qued\u00f3 as\u00ed oficialmente proclamada como m\u00e1xima representante de las fiestas patronales.<\/p>\n\n\n\n<p class=\"wp-block-paragraph\">A continuaci\u00f3n, la nueva Reina de las Fiestas coloc\u00f3 la caramba a las j\u00f3venes que integran su Corte de Honor y que la acompa\u00f1ar\u00e1n durante todo su reinado.<\/p>\n\n\n\n<p class=\"wp-block-paragraph\">El programa continu\u00f3 con las intervenciones de la mantenedora del acto, la vicepresidenta primera y consellera de Vivienda, Empleo, Igualdad y Juventud, Susana Camarero, y del alcalde de Benaguasil, Ximo Segarra, quienes dirigieron unas palabras a los protagonistas y a todos los asistentes.<\/p>\n\n\n\n<p class=\"wp-block-paragraph\">Con esta celebraci\u00f3n se da por iniciado un amplio calendario festivo que se prolongar\u00e1 hasta el pr\u00f3ximo 27 de septiembre. La programaci\u00f3n, impulsada por incluye propuestas musicales, culturales y religiosas dirigidas a vecinos y visitantes de todas las edades. Las celebraciones concluir\u00e1n con la subida de la Patrona, la Virgen de Montiel, a su Santuario.<\/p>\n\n\n\n<figure class=\"wp-block-gallery has-nested-images columns-1 is-cropped wp-block-gallery-1 is-layout-flex wp-block-gallery-is-layout-flex\">\n<figure class=\"wp-block-image size-large\"><img loading=\"lazy\" decoding=\"async\" width=\"787\" height=\"525\" data-id=\"311985\" src=\"https:\/\/www.tucomarca.com\/wordpress\/segunda\/wp-content\/uploads\/2026\/08\/Benaguasil_Presentacion_01.jpg\" alt=\"\" class=\"wp-image-311985\" srcset=\"https:\/\/www.tucomarca.com\/wordpress\/segunda\/wp-content\/uploads\/2026\/08\/Benaguasil_Presentacion_01.jpg 787w, https:\/\/www.tucomarca.com\/wordpress\/segunda\/wp-content\/uploads\/2026\/08\/Benaguasil_Presentacion_01-571x381.jpg 571w, https:\/\/www.tucomarca.com\/wordpress\/segunda\/wp-content\/uploads\/2026\/08\/Benaguasil_Presentacion_01-768x512.jpg 768w\" sizes=\"auto, (max-width: 787px) 100vw, 787px\" \/><\/figure>\n\n\n\n<figure class=\"wp-block-image size-large\"><img loading=\"lazy\" decoding=\"async\" width=\"787\" height=\"525\" data-id=\"311987\" src=\"https:\/\/www.tucomarca.com\/wordpress\/segunda\/wp-content\/uploads\/2026\/08\/Benaguasil_Presentacion_02.jpg\" alt=\"\" class=\"wp-image-311987\" srcset=\"https:\/\/www.tucomarca.com\/wordpress\/segunda\/wp-content\/uploads\/2026\/08\/Benaguasil_Presentacion_02.jpg 787w, https:\/\/www.tucomarca.com\/wordpress\/segunda\/wp-content\/uploads\/2026\/08\/Benaguasil_Presentacion_02-571x381.jpg 571w, https:\/\/www.tucomarca.com\/wordpress\/segunda\/wp-content\/uploads\/2026\/08\/Benaguasil_Presentacion_02-768x512.jpg 768w\" sizes=\"auto, (max-width: 787px) 100vw, 787px\" \/><\/figure>\n<\/figure>\n\n\n\n<p class=\"wp-block-paragraph\"><\/p>\n","protected":false},"excerpt":{"rendered":"<div class=\"mh-excerpt\">Ana Cervera y Gabriel Alepuz fueron presentados c\u00f3mo m\u00e1ximos representantes de las fiestas en un emotivo acto celebrado en la Plaza Mayor. Benaguasil ya est\u00e1 inmerso en sus fiestas patronales tras celebrar el pasado viernes <a class=\"mh-excerpt-more\" href=\"https:\/\/www.tucomarca.com\/wordpress\/segunda\/benaguasil-da-el-pistoletazo-de-salida-a-sus-fiestas-patronales-con-la-presentacion-de-la-reina-y-del-clavario-mayor\/\" title=\"Benaguasil da el pistoletazo de salida a sus fiestas patronales con la presentaci\u00f3n de la Reina y del Clavario Mayor\">[+] <\/a><\/div>\n","protected":false},"author":13,"featured_media":311989,"comment_status":"closed","ping_status":"open","sticky":false,"template":"","format":"gallery","meta":{"footnotes":""},"categories":[172,46,8,5,7,383,3],"tags":[10429,10395,3665],"class_list":["post-311984","post","type-post","status-publish","format-gallery","has-post-thumbnail","category-benaguasil","category-camp-de-turia","category-la-comarca","category-la-semana-en-imagenes","category-ocio-y-cultura","category-pueblos-en-fiestas","category-seccion","tag-benaguasil","tag-camp-de-turia","tag-fiestas-patronales","post_format-post-format-gallery"],"_links":{"self":[{"href":"https:\/\/www.tucomarca.com\/wordpress\/segunda\/wp-json\/wp\/v2\/posts\/311984","targetHints":{"allow":["GET"]}}],"collection":[{"href":"https:\/\/www.tucomarca.com\/wordpress\/segunda\/wp-json\/wp\/v2\/posts"}],"about":[{"href":"https:\/\/www.tucomarca.com\/wordpress\/segunda\/wp-json\/wp\/v2\/types\/post"}],"author":[{"embeddable":true,"href":"https:\/\/www.tucomarca.com\/wordpress\/segunda\/wp-json\/wp\/v2\/users\/13"}],"replies":[{"embeddable":true,"href":"https:\/\/www.tucomarca.com\/wordpress\/segunda\/wp-json\/wp\/v2\/comments?post=311984"}],"version-history":[{"count":2,"href":"https:\/\/www.tucomarca.com\/wordpress\/segunda\/wp-json\/wp\/v2\/posts\/311984\/revisions"}],"predecessor-version":[{"id":311995,"href":"https:\/\/www.tucomarca.com\/wordpress\/segunda\/wp-json\/wp\/v2\/posts\/311984\/revisions\/311995"}],"wp:featuredmedia":[{"embeddable":true,"href":"https:\/\/www.tucomarca.com\/wordpress\/segunda\/wp-json\/wp\/v2\/media\/311989"}],"wp:attachment":[{"href":"https:\/\/www.tucomarca.com\/wordpress\/segunda\/wp-json\/wp\/v2\/media?parent=311984"}],"wp:term":[{"taxonomy":"category","embeddable":true,"href":"https:\/\/www.tucomarca.com\/wordpress\/segunda\/wp-json\/wp\/v2\/categories?post=311984"},{"taxonomy":"post_tag","embeddable":true,"href":"https:\/\/www.tucomarca.com\/wordpress\/segunda\/wp-json\/wp\/v2\/tags?post=311984"}],"curies":[{"name":"wp","href":"https:\/\/api.w.org\/{rel}","templated":true}]}}