{"id":311997,"date":"2026-08-31T13:50:00","date_gmt":"2026-08-31T11:50:00","guid":{"rendered":"https:\/\/www.tucomarca.com\/wordpress\/segunda\/?p=311997"},"modified":"2026-09-01T10:45:10","modified_gmt":"2026-09-01T08:45:10","slug":"la-rapida-respuesta-de-los-medios-de-extincion-evita-la-propagacion-de-un-incendio-en-cheste","status":"publish","type":"post","link":"https:\/\/www.tucomarca.com\/wordpress\/segunda\/la-rapida-respuesta-de-los-medios-de-extincion-evita-la-propagacion-de-un-incendio-en-cheste\/","title":{"rendered":"La r\u00e1pida respuesta de los medios de extinci\u00f3n evita la propagaci\u00f3n de un incendio en Cheste"},"content":{"rendered":"\n<p class=\"wp-block-paragraph\">Un incendio forestal se declar\u00f3 este domingo, 30 de agosto, en una zona del t\u00e9rmino municipal de Cheste. El aviso del fuego se recibi\u00f3 alrededor de las 13:00 horas, lo que activ\u00f3 de inmediato el dispositivo de extinci\u00f3n.<\/p>\n\n\n\n<p class=\"wp-block-paragraph\">Hasta el lugar del incendio se desplazaron dos medios a\u00e9reos y tres unidades terrestres, una de ellas helitransportada y dos autobombas de Bomberos de la Generalitat. El operativo se complet\u00f3 con la presencia de un coordinador forestal, una unidad de prevenci\u00f3n de incendios y un agente medioambiental.<\/p>\n\n\n\n<p class=\"wp-block-paragraph\">Los efectivos de extinci\u00f3n trabajaron durante cerca de dos horas para controlar las llamas. Finalmente, el incendio fue dado por controlado a las 14:51 horas.<\/p>\n\n\n\n<p class=\"wp-block-paragraph\">Por el momento, no han trascendido datos sobre la superficie afectada ni sobre las causas que pudieron originar el incendio.<\/p>\n","protected":false},"excerpt":{"rendered":"<div class=\"mh-excerpt\">Un incendio forestal se declar\u00f3 este domingo, 30 de agosto, en una zona del t\u00e9rmino municipal de Cheste. El aviso del fuego se recibi\u00f3 alrededor de las 13:00 horas, lo que activ\u00f3 de inmediato el <a class=\"mh-excerpt-more\" href=\"https:\/\/www.tucomarca.com\/wordpress\/segunda\/la-rapida-respuesta-de-los-medios-de-extincion-evita-la-propagacion-de-un-incendio-en-cheste\/\" title=\"La r\u00e1pida respuesta de los medios de extinci\u00f3n evita la propagaci\u00f3n de un incendio en Cheste\">[+] <\/a><\/div>\n","protected":false},"author":12,"featured_media":311999,"comment_status":"closed","ping_status":"open","sticky":false,"template":"","format":"standard","meta":{"footnotes":""},"categories":[17,128,8,10,117,3,116,45],"tags":[17924,339,1401,5952],"class_list":["post-311997","post","type-post","status-publish","format-standard","has-post-thumbnail","category-cheste","category-infraestructuras","category-la-comarca","category-la-hoya","category-medio-ambiente-la-comarca","category-seccion","category-sucesos-la-comarca","category-ventana","tag-bomberos-forestales-de-la-generalitat","tag-cheste-2","tag-incendio-forestal","tag-la-hoya-de-bunol-chiva"],"_links":{"self":[{"href":"https:\/\/www.tucomarca.com\/wordpress\/segunda\/wp-json\/wp\/v2\/posts\/311997","targetHints":{"allow":["GET"]}}],"collection":[{"href":"https:\/\/www.tucomarca.com\/wordpress\/segunda\/wp-json\/wp\/v2\/posts"}],"about":[{"href":"https:\/\/www.tucomarca.com\/wordpress\/segunda\/wp-json\/wp\/v2\/types\/post"}],"author":[{"embeddable":true,"href":"https:\/\/www.tucomarca.com\/wordpress\/segunda\/wp-json\/wp\/v2\/users\/12"}],"replies":[{"embeddable":true,"href":"https:\/\/www.tucomarca.com\/wordpress\/segunda\/wp-json\/wp\/v2\/comments?post=311997"}],"version-history":[{"count":1,"href":"https:\/\/www.tucomarca.com\/wordpress\/segunda\/wp-json\/wp\/v2\/posts\/311997\/revisions"}],"predecessor-version":[{"id":311998,"href":"https:\/\/www.tucomarca.com\/wordpress\/segunda\/wp-json\/wp\/v2\/posts\/311997\/revisions\/311998"}],"wp:featuredmedia":[{"embeddable":true,"href":"https:\/\/www.tucomarca.com\/wordpress\/segunda\/wp-json\/wp\/v2\/media\/311999"}],"wp:attachment":[{"href":"https:\/\/www.tucomarca.com\/wordpress\/segunda\/wp-json\/wp\/v2\/media?parent=311997"}],"wp:term":[{"taxonomy":"category","embeddable":true,"href":"https:\/\/www.tucomarca.com\/wordpress\/segunda\/wp-json\/wp\/v2\/categories?post=311997"},{"taxonomy":"post_tag","embeddable":true,"href":"https:\/\/www.tucomarca.com\/wordpress\/segunda\/wp-json\/wp\/v2\/tags?post=311997"}],"curies":[{"name":"wp","href":"https:\/\/api.w.org\/{rel}","templated":true}]}}