{"id":31313,"date":"2014-10-15T15:01:53","date_gmt":"2014-10-15T12:01:53","guid":{"rendered":"http:\/\/www.tucomarca.com\/wordpress\/segunda\/?p=31313"},"modified":"2014-10-15T15:01:57","modified_gmt":"2014-10-15T12:01:57","slug":"turis-inicia-los-tramites-para-aprobar-el-catalogo-local-de-arboles-monumentales","status":"publish","type":"post","link":"https:\/\/www.tucomarca.com\/wordpress\/segunda\/turis-inicia-los-tramites-para-aprobar-el-catalogo-local-de-arboles-monumentales\/","title":{"rendered":"Tur\u00eds inicia los tr\u00e1mites para aprobar el cat\u00e1logo local de \u00e1rboles monumentales"},"content":{"rendered":"<p><figure id=\"attachment_31314\" aria-describedby=\"caption-attachment-31314\" style=\"width: 300px\" class=\"wp-caption alignleft\"><a href=\"https:\/\/www.tucomarca.com\/wordpress\/segunda\/2014\/10\/turis-inicia-los-tramites-para-aprobar-el-catalogo-local-de-arboles-monumentales\/cipreses-2\/\" rel=\"attachment wp-att-31314\"><img loading=\"lazy\" decoding=\"async\" src=\"https:\/\/www.tucomarca.com\/wordpress\/segunda\/wp-content\/uploads\/2014\/10\/Cipreses-300x249.jpg\" alt=\"\" title=\"Cipreses\" width=\"300\" height=\"249\" class=\"size-medium wp-image-31314\" srcset=\"https:\/\/www.tucomarca.com\/wordpress\/segunda\/wp-content\/uploads\/2014\/10\/Cipreses-300x249.jpg 300w, https:\/\/www.tucomarca.com\/wordpress\/segunda\/wp-content\/uploads\/2014\/10\/Cipreses-1024x851.jpg 1024w\" sizes=\"auto, (max-width: 300px) 100vw, 300px\" \/><\/a><figcaption id=\"caption-attachment-31314\" class=\"wp-caption-text\">Cipreses ubicados en el t\u00e9rmino municipal de Tur\u00eds. tc.c<\/figcaption><\/figure>El Ayuntamiento de Tur\u00eds ha aprobado en pleno el inicio del procedimiento del cat\u00e1logo de protecci\u00f3n de \u00e1rboles monumentales de inter\u00e9s local.<br \/>\nA ra\u00edz de sufrir una tala indiscriminada de ochenta y cinco cipreses con una estimaci\u00f3n de edad aproximada de cincuenta y cinco a\u00f1os el equipo de gobierno adopta la iniciativa de la necesariedad de la elaboraci\u00f3n de este cat\u00e1logo local de \u00e1rboles monumentales.<br \/>\nEn la actualidad los servicios t\u00e9cnicos municipales ya tienen elaborado dicho cat\u00e1logo de \u00e1rboles monumentales de inter\u00e9s local que destacan por sus caracter\u00edsticas de tipo biol\u00f3gico, paisaj\u00edstico, hist\u00f3rico, cultural o social y que se hacen merecedores de medidas de protecci\u00f3n y conservaci\u00f3n. En el listado se incluyen los cipreses que se encuentran a la entrada de la pedan\u00eda de Cortichelles, varios algarrobos, carrascas, olivos, un pino en la partida de La Reineta y los eucaliptos ubicados en el paraje de la Font del Pavo.<br \/>\nUna vez aprobado, el siguiente paso consiste en notificar a los propietarios de las parcelas, adem\u00e1s de publicarlo en el tabl\u00f3n de anuncios municipal y el bolet\u00edn de la provincia, dando audiencia de 15 d\u00edas para que puedan realizar todas las alegaciones que consideren oportunas.<br \/>\nMientras estas se resuelven y el proceso se lleva a cabo se acordar\u00e1 una protecci\u00f3n cautelar de los ejemplares catalogados por periodo de tres meses.<br \/>\nLa Alcaldesa, Pilar Lozano, informa que \u201cen varios casos los ejemplares se hallan en terreno municipal pero en otros se hace necesario hablar con los propietarios para evitar que se produzcan da\u00f1os\u201d.<\/p>\n","protected":false},"excerpt":{"rendered":"<div class=\"mh-excerpt\">El Ayuntamiento de Tur\u00eds ha aprobado en pleno el inicio del procedimiento del cat\u00e1logo de protecci\u00f3n de \u00e1rboles monumentales de inter\u00e9s local. A ra\u00edz de sufrir una tala indiscriminada de ochenta y cinco cipreses con <a class=\"mh-excerpt-more\" href=\"https:\/\/www.tucomarca.com\/wordpress\/segunda\/turis-inicia-los-tramites-para-aprobar-el-catalogo-local-de-arboles-monumentales\/\" title=\"Tur\u00eds inicia los tr\u00e1mites para aprobar el cat\u00e1logo local de \u00e1rboles monumentales\">[+] <\/a><\/div>\n","protected":false},"author":2,"featured_media":31314,"comment_status":"open","ping_status":"open","sticky":false,"template":"","format":"standard","meta":{"footnotes":""},"categories":[8,42,117,3,43],"tags":[2585,6028,1786,10394],"class_list":{"0":"post-31313","1":"post","2":"type-post","3":"status-publish","4":"format-standard","5":"has-post-thumbnail","7":"category-la-comarca","8":"category-la-ribera","9":"category-medio-ambiente-la-comarca","10":"category-seccion","11":"category-turis","12":"tag-arboles-monumentales","13":"tag-catalogo","14":"tag-proceso","15":"tag-turis"},"_links":{"self":[{"href":"https:\/\/www.tucomarca.com\/wordpress\/segunda\/wp-json\/wp\/v2\/posts\/31313","targetHints":{"allow":["GET"]}}],"collection":[{"href":"https:\/\/www.tucomarca.com\/wordpress\/segunda\/wp-json\/wp\/v2\/posts"}],"about":[{"href":"https:\/\/www.tucomarca.com\/wordpress\/segunda\/wp-json\/wp\/v2\/types\/post"}],"author":[{"embeddable":true,"href":"https:\/\/www.tucomarca.com\/wordpress\/segunda\/wp-json\/wp\/v2\/users\/2"}],"replies":[{"embeddable":true,"href":"https:\/\/www.tucomarca.com\/wordpress\/segunda\/wp-json\/wp\/v2\/comments?post=31313"}],"version-history":[{"count":0,"href":"https:\/\/www.tucomarca.com\/wordpress\/segunda\/wp-json\/wp\/v2\/posts\/31313\/revisions"}],"wp:featuredmedia":[{"embeddable":true,"href":"https:\/\/www.tucomarca.com\/wordpress\/segunda\/wp-json\/wp\/v2\/media\/31314"}],"wp:attachment":[{"href":"https:\/\/www.tucomarca.com\/wordpress\/segunda\/wp-json\/wp\/v2\/media?parent=31313"}],"wp:term":[{"taxonomy":"category","embeddable":true,"href":"https:\/\/www.tucomarca.com\/wordpress\/segunda\/wp-json\/wp\/v2\/categories?post=31313"},{"taxonomy":"post_tag","embeddable":true,"href":"https:\/\/www.tucomarca.com\/wordpress\/segunda\/wp-json\/wp\/v2\/tags?post=31313"}],"curies":[{"name":"wp","href":"https:\/\/api.w.org\/{rel}","templated":true}]}}