{"id":31321,"date":"2014-10-15T15:10:25","date_gmt":"2014-10-15T12:10:25","guid":{"rendered":"http:\/\/www.tucomarca.com\/wordpress\/segunda\/?p=31321"},"modified":"2014-10-15T15:10:25","modified_gmt":"2014-10-15T12:10:25","slug":"turis-ofrece-una-charla-sobre-derecho-foral-valenciano","status":"publish","type":"post","link":"https:\/\/www.tucomarca.com\/wordpress\/segunda\/turis-ofrece-una-charla-sobre-derecho-foral-valenciano\/","title":{"rendered":"Tur\u00eds ofrece una charla sobre derecho foral valenciano"},"content":{"rendered":"<p>Tras la aceptaci\u00f3n obtenida el a\u00f1o pasado, el Ayuntamiento de Tur\u00eds ofrece en el marco de las celebraciones del nou d\u2019octubre una interesante charla sobre derecho civil foral valenciano a cargo del profesor Javier Plaza Penad\u00e9s, Catedr\u00e1tico de Derecho Civil de la Universitat de Val\u00e8ncia y Vicedecano de la Facultad de Derecho de Calidad, Cultura y Formaci\u00f3n.<br \/>\nLa cita tiene lugar este jueves 16 de octubre a las siete y media de la tarde en el Sal\u00f3n de Plenos del consistorio.<\/p>\n","protected":false},"excerpt":{"rendered":"<div class=\"mh-excerpt\">Tras la aceptaci\u00f3n obtenida el a\u00f1o pasado, el Ayuntamiento de Tur\u00eds ofrece en el marco de las celebraciones del nou d\u2019octubre una interesante charla sobre derecho civil foral valenciano a cargo del profesor Javier Plaza <a class=\"mh-excerpt-more\" href=\"https:\/\/www.tucomarca.com\/wordpress\/segunda\/turis-ofrece-una-charla-sobre-derecho-foral-valenciano\/\" title=\"Tur\u00eds ofrece una charla sobre derecho foral valenciano\">[+] <\/a><\/div>\n","protected":false},"author":2,"featured_media":0,"comment_status":"open","ping_status":"open","sticky":false,"template":"","format":"standard","meta":{"footnotes":""},"categories":[4,3],"tags":[471,6030,10394],"class_list":{"0":"post-31321","1":"post","2":"type-post","3":"status-publish","4":"format-standard","6":"category-agenda","7":"category-seccion","8":"tag-charla","9":"tag-derecho-foral-valenciano","10":"tag-turis"},"_links":{"self":[{"href":"https:\/\/www.tucomarca.com\/wordpress\/segunda\/wp-json\/wp\/v2\/posts\/31321","targetHints":{"allow":["GET"]}}],"collection":[{"href":"https:\/\/www.tucomarca.com\/wordpress\/segunda\/wp-json\/wp\/v2\/posts"}],"about":[{"href":"https:\/\/www.tucomarca.com\/wordpress\/segunda\/wp-json\/wp\/v2\/types\/post"}],"author":[{"embeddable":true,"href":"https:\/\/www.tucomarca.com\/wordpress\/segunda\/wp-json\/wp\/v2\/users\/2"}],"replies":[{"embeddable":true,"href":"https:\/\/www.tucomarca.com\/wordpress\/segunda\/wp-json\/wp\/v2\/comments?post=31321"}],"version-history":[{"count":0,"href":"https:\/\/www.tucomarca.com\/wordpress\/segunda\/wp-json\/wp\/v2\/posts\/31321\/revisions"}],"wp:attachment":[{"href":"https:\/\/www.tucomarca.com\/wordpress\/segunda\/wp-json\/wp\/v2\/media?parent=31321"}],"wp:term":[{"taxonomy":"category","embeddable":true,"href":"https:\/\/www.tucomarca.com\/wordpress\/segunda\/wp-json\/wp\/v2\/categories?post=31321"},{"taxonomy":"post_tag","embeddable":true,"href":"https:\/\/www.tucomarca.com\/wordpress\/segunda\/wp-json\/wp\/v2\/tags?post=31321"}],"curies":[{"name":"wp","href":"https:\/\/api.w.org\/{rel}","templated":true}]}}