{"id":31340,"date":"2014-10-16T10:14:56","date_gmt":"2014-10-16T07:14:56","guid":{"rendered":"http:\/\/www.tucomarca.com\/wordpress\/segunda\/?p=31340"},"modified":"2014-10-16T10:15:00","modified_gmt":"2014-10-16T07:15:00","slug":"la-concejalia-de-deportes-de-bunol-pone-en-marcha-una-nueva-sala-de-musculacion-en-el-pabellon-de-el-planell","status":"publish","type":"post","link":"https:\/\/www.tucomarca.com\/wordpress\/segunda\/la-concejalia-de-deportes-de-bunol-pone-en-marcha-una-nueva-sala-de-musculacion-en-el-pabellon-de-el-planell\/","title":{"rendered":"La concejal\u00eda de Deportes de Bu\u00f1ol pone en marcha una nueva sala de musculaci\u00f3n en el pabell\u00f3n de El Planell"},"content":{"rendered":"<p><figure id=\"attachment_31341\" aria-describedby=\"caption-attachment-31341\" style=\"width: 300px\" class=\"wp-caption alignleft\"><a href=\"https:\/\/www.tucomarca.com\/wordpress\/segunda\/2014\/10\/la-concejalia-de-deportes-de-bunol-pone-en-marcha-una-nueva-sala-de-musculacion-en-el-pabellon-de-el-planell\/gimnasio\/\" rel=\"attachment wp-att-31341\"><img loading=\"lazy\" decoding=\"async\" src=\"https:\/\/www.tucomarca.com\/wordpress\/segunda\/wp-content\/uploads\/2014\/10\/gimnasio-300x199.jpg\" alt=\"\" title=\"gimnasio\" width=\"300\" height=\"199\" class=\"size-medium wp-image-31341\" srcset=\"https:\/\/www.tucomarca.com\/wordpress\/segunda\/wp-content\/uploads\/2014\/10\/gimnasio-300x199.jpg 300w, https:\/\/www.tucomarca.com\/wordpress\/segunda\/wp-content\/uploads\/2014\/10\/gimnasio.jpg 1000w\" sizes=\"auto, (max-width: 300px) 100vw, 300px\" \/><\/a><figcaption id=\"caption-attachment-31341\" class=\"wp-caption-text\">Material colocado en la sala de musculaci\u00f3n. tc.c<\/figcaption><\/figure>Como public\u00f3 este semanario en su edici\u00f3n impresa, el \u00e1rea de Deportes del Ayuntamiento de Bu\u00f1ol, gestionada por Manuel Sierra, ha puesto en marcha la nueva sala de musculaci\u00f3n ubicada en las instalaciones del Planell.<br \/>\nLa apertura de este nuevo servicio convierte el pabell\u00f3n cubierto en el centro deportivo del municipio.<br \/>\nComo ha detallado el concejal, el servicio incluye maquinaria de \u00faltima generaci\u00f3n y un espacio habilitado exclusivamente para este tipo de ejercicios, \u00abconvirti\u00e9ndose en mucho m\u00e1s atractivo\u00bb para quienes gustan del deporte.<br \/>\n\u00abCon la puesta en marcha de la sala de musculaci\u00f3n se da respuesta a una reivindicaci\u00f3n hist\u00f3rica de los vecinos, ampli\u00e1ndose la oferta deportiva de la localidad\u00bb, ha apostillado Manuel Sierra.<\/p>\n","protected":false},"excerpt":{"rendered":"<div class=\"mh-excerpt\">Como public\u00f3 este semanario en su edici\u00f3n impresa, el \u00e1rea de Deportes del Ayuntamiento de Bu\u00f1ol, gestionada por Manuel Sierra, ha puesto en marcha la nueva sala de musculaci\u00f3n ubicada en las instalaciones del Planell. <a class=\"mh-excerpt-more\" href=\"https:\/\/www.tucomarca.com\/wordpress\/segunda\/la-concejalia-de-deportes-de-bunol-pone-en-marcha-una-nueva-sala-de-musculacion-en-el-pabellon-de-el-planell\/\" title=\"La concejal\u00eda de Deportes de Bu\u00f1ol pone en marcha una nueva sala de musculaci\u00f3n en el pabell\u00f3n de El Planell\">[+] <\/a><\/div>\n","protected":false},"author":2,"featured_media":31341,"comment_status":"open","ping_status":"open","sticky":false,"template":"","format":"standard","meta":{"footnotes":""},"categories":[18,6,8,10,3],"tags":[10385,10379,6039,6038],"class_list":{"0":"post-31340","1":"post","2":"type-post","3":"status-publish","4":"format-standard","5":"has-post-thumbnail","7":"category-bunol","8":"category-deportes","9":"category-la-comarca","10":"category-la-hoya","11":"category-seccion","12":"tag-bunol","13":"tag-deportes","14":"tag-planell","15":"tag-sala-musculacion"},"_links":{"self":[{"href":"https:\/\/www.tucomarca.com\/wordpress\/segunda\/wp-json\/wp\/v2\/posts\/31340","targetHints":{"allow":["GET"]}}],"collection":[{"href":"https:\/\/www.tucomarca.com\/wordpress\/segunda\/wp-json\/wp\/v2\/posts"}],"about":[{"href":"https:\/\/www.tucomarca.com\/wordpress\/segunda\/wp-json\/wp\/v2\/types\/post"}],"author":[{"embeddable":true,"href":"https:\/\/www.tucomarca.com\/wordpress\/segunda\/wp-json\/wp\/v2\/users\/2"}],"replies":[{"embeddable":true,"href":"https:\/\/www.tucomarca.com\/wordpress\/segunda\/wp-json\/wp\/v2\/comments?post=31340"}],"version-history":[{"count":0,"href":"https:\/\/www.tucomarca.com\/wordpress\/segunda\/wp-json\/wp\/v2\/posts\/31340\/revisions"}],"wp:featuredmedia":[{"embeddable":true,"href":"https:\/\/www.tucomarca.com\/wordpress\/segunda\/wp-json\/wp\/v2\/media\/31341"}],"wp:attachment":[{"href":"https:\/\/www.tucomarca.com\/wordpress\/segunda\/wp-json\/wp\/v2\/media?parent=31340"}],"wp:term":[{"taxonomy":"category","embeddable":true,"href":"https:\/\/www.tucomarca.com\/wordpress\/segunda\/wp-json\/wp\/v2\/categories?post=31340"},{"taxonomy":"post_tag","embeddable":true,"href":"https:\/\/www.tucomarca.com\/wordpress\/segunda\/wp-json\/wp\/v2\/tags?post=31340"}],"curies":[{"name":"wp","href":"https:\/\/api.w.org\/{rel}","templated":true}]}}