{"id":31395,"date":"2014-10-16T19:04:35","date_gmt":"2014-10-16T16:04:35","guid":{"rendered":"http:\/\/www.tucomarca.com\/wordpress\/segunda\/?p=31395"},"modified":"2014-10-16T19:04:35","modified_gmt":"2014-10-16T16:04:35","slug":"medio-ambiente-participa-en-la-jornada-para-aplicar-nuevas-tecnicas-de-aprovechamiento-de-la-biomasa-forestal-en-utiel","status":"publish","type":"post","link":"https:\/\/www.tucomarca.com\/wordpress\/segunda\/medio-ambiente-participa-en-la-jornada-para-aplicar-nuevas-tecnicas-de-aprovechamiento-de-la-biomasa-forestal-en-utiel\/","title":{"rendered":"Medio Ambiente participa en la jornada para aplicar nuevas t\u00e9cnicas de aprovechamiento de la biomasa forestal en Utiel"},"content":{"rendered":"<p>La conselleria de Infraestructuras, Territorio y Medio Ambiente participar\u00e1 ma\u00f1ana viernes, 17 de octubre en la jornada para conocer nuevas t\u00e9cnicas aplicadas a la ordenaci\u00f3n de montes y aprovechamiento de la biomasa forestal que tendr\u00e1 luar en el Ayuntamiento de Utiel.<\/p>\n<p>Estas t\u00e9cnicas han sido estudiadas y desarrolladas dentro del marco del proyecto estrat\u00e9gico europeo PROFORBIOMED, que tiene como objetivo establecer una estrategia com\u00fan para el fomento de la biomasa forestal como energ\u00eda renovable y el lograr un mercado estrat\u00e9gico de la biomasa a medio-largo plazo.<\/p>\n<p>En la jornada, adem\u00e1s de exponer una visi\u00f3n general del aprovechamiento de la biomasa y el proyecto Proforbiomed se presentar\u00e1n los principales resultados relacionados con las ordenaciones forestales.<\/p>\n<p>El primero de ellos es la ordenaci\u00f3n del monte \u00abSierra del Negrete\u00bb en el t\u00e9rmino municipal de Utiel, elaborado por la Conselleria de Infraestructuras, Territorio y Medio Ambiente como socia del proyecto europeo. Para el desarrollo de esta iniciativa se emple\u00f3 la metodolog\u00eda LIDAR para la obtenci\u00f3n de los datos de existencias de biomasa forestal en este monte.<\/p>\n<p>Por otro lado, asistir\u00e1n t\u00e9cnicos de la Direcci\u00f3n General de Medio Ambiente de la Regi\u00f3n de Murcia, l\u00edderes del proyecto PROFORBIOMED, para mostrar la aplicaci\u00f3n de una herramienta inform\u00e1tica en la redacci\u00f3n de planes t\u00e9cnicos de gesti\u00f3n de biomasa forestal, que ellos mismos han desarrollado.<\/p>\n","protected":false},"excerpt":{"rendered":"<div class=\"mh-excerpt\">La conselleria de Infraestructuras, Territorio y Medio Ambiente participar\u00e1 ma\u00f1ana viernes, 17 de octubre en la jornada para conocer nuevas t\u00e9cnicas aplicadas a la ordenaci\u00f3n de montes y aprovechamiento de la biomasa forestal que tendr\u00e1 <a class=\"mh-excerpt-more\" href=\"https:\/\/www.tucomarca.com\/wordpress\/segunda\/medio-ambiente-participa-en-la-jornada-para-aplicar-nuevas-tecnicas-de-aprovechamiento-de-la-biomasa-forestal-en-utiel\/\" title=\"Medio Ambiente participa en la jornada para aplicar nuevas t\u00e9cnicas de aprovechamiento de la biomasa forestal en Utiel\">[+] <\/a><\/div>\n","protected":false},"author":2,"featured_media":0,"comment_status":"open","ping_status":"open","sticky":false,"template":"","format":"standard","meta":{"footnotes":""},"categories":[8,72,117,27,3,29],"tags":[6052,1139,107,10389],"class_list":{"0":"post-31395","1":"post","2":"type-post","3":"status-publish","4":"format-standard","6":"category-la-comarca","7":"category-sin-categorizar","8":"category-medio-ambiente-la-comarca","9":"category-requena-utiel","10":"category-seccion","11":"category-utiel","12":"tag-biomasa-forestal","13":"tag-jornada","14":"tag-medio-ambiente","15":"tag-utiel"},"_links":{"self":[{"href":"https:\/\/www.tucomarca.com\/wordpress\/segunda\/wp-json\/wp\/v2\/posts\/31395","targetHints":{"allow":["GET"]}}],"collection":[{"href":"https:\/\/www.tucomarca.com\/wordpress\/segunda\/wp-json\/wp\/v2\/posts"}],"about":[{"href":"https:\/\/www.tucomarca.com\/wordpress\/segunda\/wp-json\/wp\/v2\/types\/post"}],"author":[{"embeddable":true,"href":"https:\/\/www.tucomarca.com\/wordpress\/segunda\/wp-json\/wp\/v2\/users\/2"}],"replies":[{"embeddable":true,"href":"https:\/\/www.tucomarca.com\/wordpress\/segunda\/wp-json\/wp\/v2\/comments?post=31395"}],"version-history":[{"count":0,"href":"https:\/\/www.tucomarca.com\/wordpress\/segunda\/wp-json\/wp\/v2\/posts\/31395\/revisions"}],"wp:attachment":[{"href":"https:\/\/www.tucomarca.com\/wordpress\/segunda\/wp-json\/wp\/v2\/media?parent=31395"}],"wp:term":[{"taxonomy":"category","embeddable":true,"href":"https:\/\/www.tucomarca.com\/wordpress\/segunda\/wp-json\/wp\/v2\/categories?post=31395"},{"taxonomy":"post_tag","embeddable":true,"href":"https:\/\/www.tucomarca.com\/wordpress\/segunda\/wp-json\/wp\/v2\/tags?post=31395"}],"curies":[{"name":"wp","href":"https:\/\/api.w.org\/{rel}","templated":true}]}}