{"id":31729,"date":"2014-10-24T18:22:05","date_gmt":"2014-10-24T15:22:05","guid":{"rendered":"http:\/\/www.tucomarca.com\/wordpress\/segunda\/?p=31729"},"modified":"2014-10-24T18:22:05","modified_gmt":"2014-10-24T15:22:05","slug":"el-ivaj-gva-jove-participa-en-la-vi-fira-dassociacions-d-alzira","status":"publish","type":"post","link":"https:\/\/www.tucomarca.com\/wordpress\/segunda\/el-ivaj-gva-jove-participa-en-la-vi-fira-dassociacions-d-alzira\/","title":{"rendered":"El IVAJ.GVA JOVE participa en la VI Fira d&#8217;Associacions d&#8217; Alzira"},"content":{"rendered":"<p>El Institut Valenci\u00e0 de la Joventut Generalitat Jove (IVAJ.GVA JOVE), a trav\u00e9s de la Oficina IVAJ.GVA JOVE La Ribera, participa ma\u00f1ana s\u00e1bado 25 de octubre en la VI Fira d&#8217;Associacions d\u00bbAlzira. El stand informativo estar\u00e1 ubicado en la Plaza Mayor de la ciudad.<\/p>\n<p>El objetivo es acercar a los j\u00f3venes de Alzira y de las comarcas de la Ribera Alta y Baja, los diversos programas, ayudas y credenciales que ofrece el IVAJ.GVA JOVE. En el stand se distribuir\u00e1 material informativo del concurso de fotograf\u00eda #Nodonaigual 2014, el programa para j\u00f3venes emprendedores EmprenJove, los talleres de ingl\u00e9s en las instalaciones del IVAJ.GVA JOVE, y de programas europeos, entre otros.<\/p>\n<p>Tambi\u00e9n se emitir\u00e1 el Carnet Jove, que favorece la movilidad e intercomunicaci\u00f3n juvenil y posibilita su acceso, mediante la articulaci\u00f3n de determinadas ventajas, a bienes y servicios de car\u00e1cter social, cultural, econ\u00f3mico y educativo,<\/p>\n<p>El Carnet Jove lo pueden obtener todos los j\u00f3venes con edades comprendidas entre los 14 y 30 a\u00f1os, ambos inclusive. Adem\u00e1s, los j\u00f3venes dispondr\u00e1n en el stand de los carnets internacionales como los ISIC, Teacher, IYTC y de alberguista.<\/p>\n<p>Un total de 26 asociaciones, colectivos y entidades han confirmado su participaci\u00f3n en esta Fira con sus stands que estar\u00e1n ubicados en la Plaza Mayor de 11 a 14 horas. Adem\u00e1s, como es habitual se llevar\u00e1n a cabo talleres y diferentes actuaciones, desfiles y exhibiciones.<\/p>\n","protected":false},"excerpt":{"rendered":"<div class=\"mh-excerpt\">El Institut Valenci\u00e0 de la Joventut Generalitat Jove (IVAJ.GVA JOVE), a trav\u00e9s de la Oficina IVAJ.GVA JOVE La Ribera, participa ma\u00f1ana s\u00e1bado 25 de octubre en la VI Fira d&#8217;Associacions d\u00bbAlzira. El stand informativo estar\u00e1 <a class=\"mh-excerpt-more\" href=\"https:\/\/www.tucomarca.com\/wordpress\/segunda\/el-ivaj-gva-jove-participa-en-la-vi-fira-dassociacions-d-alzira\/\" title=\"El IVAJ.GVA JOVE participa en la VI Fira d&#8217;Associacions d&#8217; Alzira\">[+] <\/a><\/div>\n","protected":false},"author":2,"featured_media":0,"comment_status":"open","ping_status":"open","sticky":false,"template":"","format":"standard","meta":{"footnotes":""},"categories":[69,8,42,3],"tags":[10402,1071,100,507],"class_list":{"0":"post-31729","1":"post","2":"type-post","3":"status-publish","4":"format-standard","6":"category-alzira","7":"category-la-comarca","8":"category-la-ribera","9":"category-seccion","10":"tag-alzira","11":"tag-asociaciones","12":"tag-feria","13":"tag-ivaj"},"_links":{"self":[{"href":"https:\/\/www.tucomarca.com\/wordpress\/segunda\/wp-json\/wp\/v2\/posts\/31729","targetHints":{"allow":["GET"]}}],"collection":[{"href":"https:\/\/www.tucomarca.com\/wordpress\/segunda\/wp-json\/wp\/v2\/posts"}],"about":[{"href":"https:\/\/www.tucomarca.com\/wordpress\/segunda\/wp-json\/wp\/v2\/types\/post"}],"author":[{"embeddable":true,"href":"https:\/\/www.tucomarca.com\/wordpress\/segunda\/wp-json\/wp\/v2\/users\/2"}],"replies":[{"embeddable":true,"href":"https:\/\/www.tucomarca.com\/wordpress\/segunda\/wp-json\/wp\/v2\/comments?post=31729"}],"version-history":[{"count":0,"href":"https:\/\/www.tucomarca.com\/wordpress\/segunda\/wp-json\/wp\/v2\/posts\/31729\/revisions"}],"wp:attachment":[{"href":"https:\/\/www.tucomarca.com\/wordpress\/segunda\/wp-json\/wp\/v2\/media?parent=31729"}],"wp:term":[{"taxonomy":"category","embeddable":true,"href":"https:\/\/www.tucomarca.com\/wordpress\/segunda\/wp-json\/wp\/v2\/categories?post=31729"},{"taxonomy":"post_tag","embeddable":true,"href":"https:\/\/www.tucomarca.com\/wordpress\/segunda\/wp-json\/wp\/v2\/tags?post=31729"}],"curies":[{"name":"wp","href":"https:\/\/api.w.org\/{rel}","templated":true}]}}