{"id":31748,"date":"2014-10-24T19:32:36","date_gmt":"2014-10-24T16:32:36","guid":{"rendered":"http:\/\/www.tucomarca.com\/wordpress\/segunda\/?p=31748"},"modified":"2014-10-24T19:32:36","modified_gmt":"2014-10-24T16:32:36","slug":"la-bobal-de-requena-y-utiel-vuelve-a-madrid","status":"publish","type":"post","link":"https:\/\/www.tucomarca.com\/wordpress\/segunda\/la-bobal-de-requena-y-utiel-vuelve-a-madrid\/","title":{"rendered":"La Bobal de Requena y Utiel vuelve a Madrid"},"content":{"rendered":"<p>El hotel  Intercontinental de Madrid acoger\u00e1 el 3 de noviembre el II Sal\u00f3n de los Vinos de la Denominaci\u00f3n de Origen Protegida Utiel y Requena de su variedad Bobal, que permitir\u00e1 a los visitantes  del acontecimiento conocer y degustar los vinos elaborados con esta variedad de uva aut\u00f3ctona de la zona, junto con otros vinos de la misma DO.<br \/>\nEs oportuno recordar que los vi\u00f1edos de la variedad de uva Bobal ocupan m\u00e1s de 25.000 hect\u00e1reas que representan casi el  75% de la superficie total  de vi\u00f1edo de la DO Utiel y Requena que asciende a m\u00e1s de 34.000 hect\u00e1reas. De esta variedad se obtienen unos excelentes tintos y rosados, con personalidad propia, que est\u00e1n conquistando tanto los mercados nacionales como los internacionales. Informa Luis Ib\u00e1\u00f1ez.<\/p>\n","protected":false},"excerpt":{"rendered":"<div class=\"mh-excerpt\">El hotel Intercontinental de Madrid acoger\u00e1 el 3 de noviembre el II Sal\u00f3n de los Vinos de la Denominaci\u00f3n de Origen Protegida Utiel y Requena de su variedad Bobal, que permitir\u00e1 a los visitantes del <a class=\"mh-excerpt-more\" href=\"https:\/\/www.tucomarca.com\/wordpress\/segunda\/la-bobal-de-requena-y-utiel-vuelve-a-madrid\/\" title=\"La Bobal de Requena y Utiel vuelve a Madrid\">[+] <\/a><\/div>\n","protected":false},"author":2,"featured_media":0,"comment_status":"open","ping_status":"open","sticky":false,"template":"","format":"standard","meta":{"footnotes":""},"categories":[169,113,8,27,3],"tags":[6168,6170,2160,6169,10388,10389],"class_list":{"0":"post-31748","1":"post","2":"type-post","3":"status-publish","4":"format-standard","6":"category-agricultura-la-comarca","7":"category-vinos","8":"category-la-comarca","9":"category-requena-utiel","10":"category-seccion","11":"tag-bobal","12":"tag-ii-salon-de-vinos","13":"tag-madrid","14":"tag-presente","15":"tag-requena","16":"tag-utiel"},"_links":{"self":[{"href":"https:\/\/www.tucomarca.com\/wordpress\/segunda\/wp-json\/wp\/v2\/posts\/31748","targetHints":{"allow":["GET"]}}],"collection":[{"href":"https:\/\/www.tucomarca.com\/wordpress\/segunda\/wp-json\/wp\/v2\/posts"}],"about":[{"href":"https:\/\/www.tucomarca.com\/wordpress\/segunda\/wp-json\/wp\/v2\/types\/post"}],"author":[{"embeddable":true,"href":"https:\/\/www.tucomarca.com\/wordpress\/segunda\/wp-json\/wp\/v2\/users\/2"}],"replies":[{"embeddable":true,"href":"https:\/\/www.tucomarca.com\/wordpress\/segunda\/wp-json\/wp\/v2\/comments?post=31748"}],"version-history":[{"count":0,"href":"https:\/\/www.tucomarca.com\/wordpress\/segunda\/wp-json\/wp\/v2\/posts\/31748\/revisions"}],"wp:attachment":[{"href":"https:\/\/www.tucomarca.com\/wordpress\/segunda\/wp-json\/wp\/v2\/media?parent=31748"}],"wp:term":[{"taxonomy":"category","embeddable":true,"href":"https:\/\/www.tucomarca.com\/wordpress\/segunda\/wp-json\/wp\/v2\/categories?post=31748"},{"taxonomy":"post_tag","embeddable":true,"href":"https:\/\/www.tucomarca.com\/wordpress\/segunda\/wp-json\/wp\/v2\/tags?post=31748"}],"curies":[{"name":"wp","href":"https:\/\/api.w.org\/{rel}","templated":true}]}}