{"id":31797,"date":"2014-10-27T13:27:28","date_gmt":"2014-10-27T10:27:28","guid":{"rendered":"http:\/\/www.tucomarca.com\/wordpress\/segunda\/?p=31797"},"modified":"2014-10-27T13:27:28","modified_gmt":"2014-10-27T10:27:28","slug":"el-ministerio-de-agricultura-premia-a-bodegas-murviedro-de-requena","status":"publish","type":"post","link":"https:\/\/www.tucomarca.com\/wordpress\/segunda\/el-ministerio-de-agricultura-premia-a-bodegas-murviedro-de-requena\/","title":{"rendered":"El Ministerio de Agricultura premia a Bodegas Murviedro de Requena"},"content":{"rendered":"<p> El Ministerio de Agricultura, Alimentaci\u00f3n y Medio Ambiente ha concedido el premio \u201cAlimentos de Espa\u00f1a al Mejor Vino, a\u00f1o 2014\u201d a Bodegas Murviedro ubicadas en Requena  por el vino \u201cCueva de la Culpa 2011\u201d. El premio ha sido adjudicado por unanimidad del jurado, compuesto por personas de reconocido prestigio dentro del sector vitivin\u00edcola. Diego Talavera, director general de la bodega, ha sido el encargado de recoger el prestigioso reconocimiento de manos de la ministra de Agricultura, Isabel Garc\u00eda Tejerina en el acto de entrega de la XXVI edici\u00f3n de los premios Alimentos de Espa\u00f1a, que se ha celebrado en el sal\u00f3n de mosaicos del Alc\u00e1zar de los Reyes Cristianos de C\u00f3rdoba.<\/p>\n","protected":false},"excerpt":{"rendered":"<div class=\"mh-excerpt\">El Ministerio de Agricultura, Alimentaci\u00f3n y Medio Ambiente ha concedido el premio \u201cAlimentos de Espa\u00f1a al Mejor Vino, a\u00f1o 2014\u201d a Bodegas Murviedro ubicadas en Requena por el vino \u201cCueva de la Culpa 2011\u201d. El <a class=\"mh-excerpt-more\" href=\"https:\/\/www.tucomarca.com\/wordpress\/segunda\/el-ministerio-de-agricultura-premia-a-bodegas-murviedro-de-requena\/\" title=\"El Ministerio de Agricultura premia a Bodegas Murviedro de Requena\">[+] <\/a><\/div>\n","protected":false},"author":2,"featured_media":0,"comment_status":"open","ping_status":"open","sticky":false,"template":"","format":"standard","meta":{"footnotes":""},"categories":[8,28,27,3],"tags":[1278,5215,1990,787,10388],"class_list":{"0":"post-31797","1":"post","2":"type-post","3":"status-publish","4":"format-standard","6":"category-la-comarca","7":"category-requena","8":"category-requena-utiel","9":"category-seccion","10":"tag-bodegas","11":"tag-ministerio-agricultura","12":"tag-murviedro","13":"tag-premio","14":"tag-requena"},"_links":{"self":[{"href":"https:\/\/www.tucomarca.com\/wordpress\/segunda\/wp-json\/wp\/v2\/posts\/31797","targetHints":{"allow":["GET"]}}],"collection":[{"href":"https:\/\/www.tucomarca.com\/wordpress\/segunda\/wp-json\/wp\/v2\/posts"}],"about":[{"href":"https:\/\/www.tucomarca.com\/wordpress\/segunda\/wp-json\/wp\/v2\/types\/post"}],"author":[{"embeddable":true,"href":"https:\/\/www.tucomarca.com\/wordpress\/segunda\/wp-json\/wp\/v2\/users\/2"}],"replies":[{"embeddable":true,"href":"https:\/\/www.tucomarca.com\/wordpress\/segunda\/wp-json\/wp\/v2\/comments?post=31797"}],"version-history":[{"count":0,"href":"https:\/\/www.tucomarca.com\/wordpress\/segunda\/wp-json\/wp\/v2\/posts\/31797\/revisions"}],"wp:attachment":[{"href":"https:\/\/www.tucomarca.com\/wordpress\/segunda\/wp-json\/wp\/v2\/media?parent=31797"}],"wp:term":[{"taxonomy":"category","embeddable":true,"href":"https:\/\/www.tucomarca.com\/wordpress\/segunda\/wp-json\/wp\/v2\/categories?post=31797"},{"taxonomy":"post_tag","embeddable":true,"href":"https:\/\/www.tucomarca.com\/wordpress\/segunda\/wp-json\/wp\/v2\/tags?post=31797"}],"curies":[{"name":"wp","href":"https:\/\/api.w.org\/{rel}","templated":true}]}}