{"id":3182,"date":"2012-06-07T21:44:51","date_gmt":"2012-06-07T19:44:51","guid":{"rendered":"http:\/\/www.tucomarca.com\/wordpress\/segunda\/?p=3182"},"modified":"2012-06-07T22:55:20","modified_gmt":"2012-06-07T20:55:20","slug":"el-edil-bunolense-eusebio-saez-operado-de-urgencia-por-un-problema-cardiaco","status":"publish","type":"post","link":"https:\/\/www.tucomarca.com\/wordpress\/segunda\/el-edil-bunolense-eusebio-saez-operado-de-urgencia-por-un-problema-cardiaco\/","title":{"rendered":"El edil bu\u00f1olense Eusebio S\u00e1ez, sometido de urgencia a un cateterismo"},"content":{"rendered":"<figure id=\"attachment_3183\" aria-describedby=\"caption-attachment-3183\" style=\"width: 300px\" class=\"wp-caption alignleft\"><a href=\"https:\/\/www.tucomarca.com\/wordpress\/segunda\/wp-content\/uploads\/2012\/06\/Eusebio-e1339094421723.jpg\"><img loading=\"lazy\" decoding=\"async\" class=\"size-medium wp-image-3183\" title=\"Eusebio\" src=\"https:\/\/www.tucomarca.com\/wordpress\/segunda\/wp-content\/uploads\/2012\/06\/Eusebio-e1339094421723-300x230.jpg\" alt=\"El concejal de Hacienda bu\u00f1olense, Eusebio S\u00e1ez.\" width=\"300\" height=\"230\" srcset=\"https:\/\/www.tucomarca.com\/wordpress\/segunda\/wp-content\/uploads\/2012\/06\/Eusebio-e1339094421723-300x230.jpg 300w, https:\/\/www.tucomarca.com\/wordpress\/segunda\/wp-content\/uploads\/2012\/06\/Eusebio-e1339094421723.jpg 337w\" sizes=\"auto, (max-width: 300px) 100vw, 300px\" \/><\/a><figcaption id=\"caption-attachment-3183\" class=\"wp-caption-text\">El concejal de Hacienda bu\u00f1olense, Eusebio S\u00e1ez.<\/figcaption><\/figure>\n<p>Tal como ha podido conocer <strong>tucomarca.com<\/strong>, el concejal responsable del \u00e1rea de Hacienda, Contrataci\u00f3n y patrimonio del Ayuntamiento de Bu\u00f1ol, el socialista Eusebio S\u00e1ez, ha sido sometido a un cateterismo este jueves de manera urgente; una circunstancia por la que ha quedado ingresado en el Hospital de Manises aunque se encuentra en perfecto estado, tal como \u00e9l mismo ha explicado a este semanario.<\/p>\n<p>El edil empez\u00f3 a sentirse mal el mi\u00e9rcoles, circunstancia por la que fue a consulta m\u00e9dica, desde donde se le recomend\u00f3 esta intervenci\u00f3n hoy jueves para eliminarle \u00abun peque\u00f1o co\u00e1gulo en la arteria con un cat\u00e9ter\u00bb, en palabras del edil.<\/p>\n<p>Desde las p\u00e1ginas de <strong>tucomarca.com<\/strong> le deseamos al concejal una pronta y satisfactoria recuperaci\u00f3n.<\/p>\n","protected":false},"excerpt":{"rendered":"<div class=\"mh-excerpt\">Tal como ha podido conocer tucomarca.com, el concejal responsable del \u00e1rea de Hacienda, Contrataci\u00f3n y patrimonio del Ayuntamiento de Bu\u00f1ol, el socialista Eusebio S\u00e1ez, ha sido sometido a un cateterismo este jueves de manera urgente; <a class=\"mh-excerpt-more\" href=\"https:\/\/www.tucomarca.com\/wordpress\/segunda\/el-edil-bunolense-eusebio-saez-operado-de-urgencia-por-un-problema-cardiaco\/\" title=\"El edil bu\u00f1olense Eusebio S\u00e1ez, sometido de urgencia a un cateterismo\">[+] <\/a><\/div>\n","protected":false},"author":1,"featured_media":3183,"comment_status":"open","ping_status":"open","sticky":false,"template":"","format":"standard","meta":{"footnotes":""},"categories":[18,8,10,142,3],"tags":[],"class_list":{"0":"post-3182","1":"post","2":"type-post","3":"status-publish","4":"format-standard","5":"has-post-thumbnail","7":"category-bunol","8":"category-la-comarca","9":"category-la-hoya","10":"category-politica-la-comarca","11":"category-seccion"},"_links":{"self":[{"href":"https:\/\/www.tucomarca.com\/wordpress\/segunda\/wp-json\/wp\/v2\/posts\/3182","targetHints":{"allow":["GET"]}}],"collection":[{"href":"https:\/\/www.tucomarca.com\/wordpress\/segunda\/wp-json\/wp\/v2\/posts"}],"about":[{"href":"https:\/\/www.tucomarca.com\/wordpress\/segunda\/wp-json\/wp\/v2\/types\/post"}],"author":[{"embeddable":true,"href":"https:\/\/www.tucomarca.com\/wordpress\/segunda\/wp-json\/wp\/v2\/users\/1"}],"replies":[{"embeddable":true,"href":"https:\/\/www.tucomarca.com\/wordpress\/segunda\/wp-json\/wp\/v2\/comments?post=3182"}],"version-history":[{"count":0,"href":"https:\/\/www.tucomarca.com\/wordpress\/segunda\/wp-json\/wp\/v2\/posts\/3182\/revisions"}],"wp:featuredmedia":[{"embeddable":true,"href":"https:\/\/www.tucomarca.com\/wordpress\/segunda\/wp-json\/wp\/v2\/media\/3183"}],"wp:attachment":[{"href":"https:\/\/www.tucomarca.com\/wordpress\/segunda\/wp-json\/wp\/v2\/media?parent=3182"}],"wp:term":[{"taxonomy":"category","embeddable":true,"href":"https:\/\/www.tucomarca.com\/wordpress\/segunda\/wp-json\/wp\/v2\/categories?post=3182"},{"taxonomy":"post_tag","embeddable":true,"href":"https:\/\/www.tucomarca.com\/wordpress\/segunda\/wp-json\/wp\/v2\/tags?post=3182"}],"curies":[{"name":"wp","href":"https:\/\/api.w.org\/{rel}","templated":true}]}}