{"id":31857,"date":"2014-10-29T11:30:54","date_gmt":"2014-10-29T08:30:54","guid":{"rendered":"http:\/\/www.tucomarca.com\/wordpress\/segunda\/?p=31857"},"modified":"2014-10-29T11:31:52","modified_gmt":"2014-10-29T08:31:52","slug":"la-ruta-de-la-salud-llega-a-marines","status":"publish","type":"post","link":"https:\/\/www.tucomarca.com\/wordpress\/segunda\/la-ruta-de-la-salud-llega-a-marines\/","title":{"rendered":"La Ruta de la Salud llega a Marines"},"content":{"rendered":"<p><figure id=\"attachment_31859\" aria-describedby=\"caption-attachment-31859\" style=\"width: 300px\" class=\"wp-caption alignleft\"><a href=\"https:\/\/www.tucomarca.com\/wordpress\/segunda\/2014\/10\/la-ruta-de-la-salud-llega-a-marines\/bienvenida-concejala-de-sanidad\/\" rel=\"attachment wp-att-31859\"><img loading=\"lazy\" decoding=\"async\" src=\"https:\/\/www.tucomarca.com\/wordpress\/segunda\/wp-content\/uploads\/2014\/10\/Bienvenida-concejala-de-Sanidad-300x215.jpg\" alt=\"\" title=\"Bienvenida concejala de Sanidad\" width=\"300\" height=\"215\" class=\"size-medium wp-image-31859\" srcset=\"https:\/\/www.tucomarca.com\/wordpress\/segunda\/wp-content\/uploads\/2014\/10\/Bienvenida-concejala-de-Sanidad-300x215.jpg 300w, https:\/\/www.tucomarca.com\/wordpress\/segunda\/wp-content\/uploads\/2014\/10\/Bienvenida-concejala-de-Sanidad-1024x734.jpg 1024w, https:\/\/www.tucomarca.com\/wordpress\/segunda\/wp-content\/uploads\/2014\/10\/Bienvenida-concejala-de-Sanidad.jpg 1200w\" sizes=\"auto, (max-width: 300px) 100vw, 300px\" \/><\/a><figcaption id=\"caption-attachment-31859\" class=\"wp-caption-text\">Bienvenida ofrecida por la edil de Sanidad de Marines. tc.c<\/figcaption><\/figure>La Ruta de la Salud ha pasado por Marines, un municipio de 1.500 habitantes emplazado en la Vall d&#8217;Olocau, en la comarca monta\u00f1osa de El Camp de T\u00faria.<\/p>\n<p>La concejala de Sanidad, Manuela Castellano, dio la bienvenida a los m\u00e9dicos, enfermeras y dietistas que se instalaron en el Centro Sociocultural y que impartieron seis conferencias y dieron respuesta a las diversas preguntas sobre salud y prevenci\u00f3n que hicieron los participantes.<\/p>\n<p>Simult\u00e1neamente, los marinenses tambi\u00e9n se hicieron un chequeo gratuito, que incluy\u00f3 la revisi\u00f3n bucodental, de los ojos, de los o\u00eddos, de la tensi\u00f3n o la capacidad pulmonar, incluso algunas mujeres se animaron a hacer ejercicio f\u00edsico. Y las pruebas m\u00e1s solicitadas fueron los electrocardiogramas, con el asesoramiento por parte del cardi\u00f3logo sobre los hallazgos encontrados.<\/p>\n<p>Hoy la Ruta de la Salud llega a Cofrentes, en el Valle de Ayora, y el mi\u00e9rcoles estar\u00e1 en Alfafar, en L\u00b4Horta Sud.<\/p>\n","protected":false},"excerpt":{"rendered":"<div class=\"mh-excerpt\">La Ruta de la Salud ha pasado por Marines, un municipio de 1.500 habitantes emplazado en la Vall d&#8217;Olocau, en la comarca monta\u00f1osa de El Camp de T\u00faria. La concejala de Sanidad, Manuela Castellano, dio <a class=\"mh-excerpt-more\" href=\"https:\/\/www.tucomarca.com\/wordpress\/segunda\/la-ruta-de-la-salud-llega-a-marines\/\" title=\"La Ruta de la Salud llega a Marines\">[+] <\/a><\/div>\n","protected":false},"author":2,"featured_media":31859,"comment_status":"open","ping_status":"open","sticky":false,"template":"","format":"standard","meta":{"footnotes":""},"categories":[46,119,8,179,3],"tags":[6208,6207,10435,6046],"class_list":{"0":"post-31857","1":"post","2":"type-post","3":"status-publish","4":"format-standard","5":"has-post-thumbnail","7":"category-camp-de-turia","8":"category-sanidad-la-comarca","9":"category-la-comarca","10":"category-marines","11":"category-seccion","12":"tag-chequeos","13":"tag-conferencias","14":"tag-marines","15":"tag-ruta-salud"},"_links":{"self":[{"href":"https:\/\/www.tucomarca.com\/wordpress\/segunda\/wp-json\/wp\/v2\/posts\/31857","targetHints":{"allow":["GET"]}}],"collection":[{"href":"https:\/\/www.tucomarca.com\/wordpress\/segunda\/wp-json\/wp\/v2\/posts"}],"about":[{"href":"https:\/\/www.tucomarca.com\/wordpress\/segunda\/wp-json\/wp\/v2\/types\/post"}],"author":[{"embeddable":true,"href":"https:\/\/www.tucomarca.com\/wordpress\/segunda\/wp-json\/wp\/v2\/users\/2"}],"replies":[{"embeddable":true,"href":"https:\/\/www.tucomarca.com\/wordpress\/segunda\/wp-json\/wp\/v2\/comments?post=31857"}],"version-history":[{"count":0,"href":"https:\/\/www.tucomarca.com\/wordpress\/segunda\/wp-json\/wp\/v2\/posts\/31857\/revisions"}],"wp:featuredmedia":[{"embeddable":true,"href":"https:\/\/www.tucomarca.com\/wordpress\/segunda\/wp-json\/wp\/v2\/media\/31859"}],"wp:attachment":[{"href":"https:\/\/www.tucomarca.com\/wordpress\/segunda\/wp-json\/wp\/v2\/media?parent=31857"}],"wp:term":[{"taxonomy":"category","embeddable":true,"href":"https:\/\/www.tucomarca.com\/wordpress\/segunda\/wp-json\/wp\/v2\/categories?post=31857"},{"taxonomy":"post_tag","embeddable":true,"href":"https:\/\/www.tucomarca.com\/wordpress\/segunda\/wp-json\/wp\/v2\/tags?post=31857"}],"curies":[{"name":"wp","href":"https:\/\/api.w.org\/{rel}","templated":true}]}}