{"id":31862,"date":"2014-10-29T11:38:08","date_gmt":"2014-10-29T08:38:08","guid":{"rendered":"http:\/\/www.tucomarca.com\/wordpress\/segunda\/?p=31862"},"modified":"2014-10-29T11:38:12","modified_gmt":"2014-10-29T08:38:12","slug":"dinar-de-la-tardor-del-pspv-de-benissano","status":"publish","type":"post","link":"https:\/\/www.tucomarca.com\/wordpress\/segunda\/dinar-de-la-tardor-del-pspv-de-benissano\/","title":{"rendered":"Dinar de la tardor del PSPV de Benissan\u00f3"},"content":{"rendered":"<p><a href=\"https:\/\/www.tucomarca.com\/wordpress\/segunda\/2014\/10\/dinar-de-la-tardor-del-pspv-de-benissano\/dinar-oct-45\/\" rel=\"attachment wp-att-31863\"><img loading=\"lazy\" decoding=\"async\" src=\"https:\/\/www.tucomarca.com\/wordpress\/segunda\/wp-content\/uploads\/2014\/10\/Dinar-Oct-45-300x225.jpg\" alt=\"\" title=\"Dinar Oct (45)\" width=\"300\" height=\"225\" class=\"alignleft size-medium wp-image-31863\" srcset=\"https:\/\/www.tucomarca.com\/wordpress\/segunda\/wp-content\/uploads\/2014\/10\/Dinar-Oct-45-300x225.jpg 300w, https:\/\/www.tucomarca.com\/wordpress\/segunda\/wp-content\/uploads\/2014\/10\/Dinar-Oct-45.jpeg 640w\" sizes=\"auto, (max-width: 300px) 100vw, 300px\" \/><\/a>Com cada any pel mes d&#8217;octubre els socialistes de Benissan\u00f3 es reuniren per a tal de fer un dinar de germanor a militants i simpatitzants i aix\u00ed retrobar-nos per a parlar de tots aquells temes d&#8217;actualitat i d&#8217;all\u00f2  que m\u00e9s ens importa: parlar de Benissan\u00f3. Per a aquest acte es compt\u00e0 amb la pres\u00e8ncia del senador i alcalde de L&#8217;Eliana, J.Mar\u00eda \u00c1ngel i de la candidata del PSPV-PSOE a l&#8217;alcaldia de La Pobla de Vallbona, Regina Llavata.<\/p>\n<p>\tTal com est\u00e0 passant als \u00faltims dos anys, l&#8217;ajuntament de Benissan\u00f3 presidit per l&#8217;alcaldessa del PP Isabel Castellano, cobr\u00e0 al PSPV-PSOE de Benissan\u00f3 la quantitat de 253,75\u20ac per la utilitzaci\u00f3 de 3&#8217;5 hores d&#8217;aquest espai municipal (Centre Social).<\/p>\n<p>\tCom ja hem manifestat en diferents foros i des que s&#8217;aplica aquesta taxa, els socialistes de Benissan\u00f3 no entenem aquesta discriminaci\u00f3 negativa (que tal vegada podria considerar-se prevaricaci\u00f3) de l&#8217;alcaldia cap a tots els ve\u00efns de Benissan\u00f3 que militen o simpatitzen amb els socialistes. <\/p>\n<p>\tA cas l&#8217;alcaldessa ens considera ve\u00efns de segona? Per qu\u00e8 els socialistes de Benissan\u00f3 paguem i no paguen altres entitats o associacions? Considerem aquest fet com una falta de consideraci\u00f3 cap a tots els ve\u00efns de Benissan\u00f3 que ahir acudiren al dinar de germanor organitzat pel PSPV-PSOE de Benissan\u00f3. <\/p>\n","protected":false},"excerpt":{"rendered":"<div class=\"mh-excerpt\">Com cada any pel mes d&#8217;octubre els socialistes de Benissan\u00f3 es reuniren per a tal de fer un dinar de germanor a militants i simpatitzants i aix\u00ed retrobar-nos per a parlar de tots aquells temes <a class=\"mh-excerpt-more\" href=\"https:\/\/www.tucomarca.com\/wordpress\/segunda\/dinar-de-la-tardor-del-pspv-de-benissano\/\" title=\"Dinar de la tardor del PSPV de Benissan\u00f3\">[+] <\/a><\/div>\n","protected":false},"author":2,"featured_media":31863,"comment_status":"open","ping_status":"open","sticky":false,"template":"","format":"standard","meta":{"footnotes":""},"categories":[237,46,8,3],"tags":[2592,6209,1208,6210],"class_list":{"0":"post-31862","1":"post","2":"type-post","3":"status-publish","4":"format-standard","5":"has-post-thumbnail","7":"category-benisano","8":"category-camp-de-turia","9":"category-la-comarca","10":"category-seccion","11":"tag-benissano","12":"tag-dinar","13":"tag-pspv","14":"tag-tardor"},"_links":{"self":[{"href":"https:\/\/www.tucomarca.com\/wordpress\/segunda\/wp-json\/wp\/v2\/posts\/31862","targetHints":{"allow":["GET"]}}],"collection":[{"href":"https:\/\/www.tucomarca.com\/wordpress\/segunda\/wp-json\/wp\/v2\/posts"}],"about":[{"href":"https:\/\/www.tucomarca.com\/wordpress\/segunda\/wp-json\/wp\/v2\/types\/post"}],"author":[{"embeddable":true,"href":"https:\/\/www.tucomarca.com\/wordpress\/segunda\/wp-json\/wp\/v2\/users\/2"}],"replies":[{"embeddable":true,"href":"https:\/\/www.tucomarca.com\/wordpress\/segunda\/wp-json\/wp\/v2\/comments?post=31862"}],"version-history":[{"count":0,"href":"https:\/\/www.tucomarca.com\/wordpress\/segunda\/wp-json\/wp\/v2\/posts\/31862\/revisions"}],"wp:featuredmedia":[{"embeddable":true,"href":"https:\/\/www.tucomarca.com\/wordpress\/segunda\/wp-json\/wp\/v2\/media\/31863"}],"wp:attachment":[{"href":"https:\/\/www.tucomarca.com\/wordpress\/segunda\/wp-json\/wp\/v2\/media?parent=31862"}],"wp:term":[{"taxonomy":"category","embeddable":true,"href":"https:\/\/www.tucomarca.com\/wordpress\/segunda\/wp-json\/wp\/v2\/categories?post=31862"},{"taxonomy":"post_tag","embeddable":true,"href":"https:\/\/www.tucomarca.com\/wordpress\/segunda\/wp-json\/wp\/v2\/tags?post=31862"}],"curies":[{"name":"wp","href":"https:\/\/api.w.org\/{rel}","templated":true}]}}