{"id":31952,"date":"2014-10-30T16:18:01","date_gmt":"2014-10-30T13:18:01","guid":{"rendered":"http:\/\/www.tucomarca.com\/wordpress\/segunda\/?p=31952"},"modified":"2014-10-30T16:18:01","modified_gmt":"2014-10-30T13:18:01","slug":"csif-logra-dos-de-los-tres-delegados-de-personal-funcionario-en-el-ayuntamiento-de-turis","status":"publish","type":"post","link":"https:\/\/www.tucomarca.com\/wordpress\/segunda\/csif-logra-dos-de-los-tres-delegados-de-personal-funcionario-en-el-ayuntamiento-de-turis\/","title":{"rendered":"CSIF logra dos de los tres delegados de personal funcionario en el Ayuntamiento de Tur\u00eds"},"content":{"rendered":"<p>El sindicato CSIF ha conseguido dos de los tres delegados en liza en las elecciones sindical de personal funcionario que se han desarrollado en el Ayuntamiento de Tur\u00eds. De esta forma,\u00a0la central sindical consigue representaci\u00f3n\u00a0en un consistorio en el que en las anteriores elecciones, y en lo que respecta a personal funcionario, \u00fanicamente estaba CCOO.<br \/>\nLos dos delegados de CSIF, con 20 y 19 votos, fueron los que m\u00e1s respaldo obtuvieron. En tercer lugar qued\u00f3 el representante de CCOO, con 16. El censo est\u00e1 compuesto por 42 funcionarios, de los que votaron 39. Los comicios tuvieron lugar ayer, y en breve se celebrar\u00e1n los de personal laboral, a los que tambi\u00e9n concurrir\u00e1 la central sindica<\/p>\n","protected":false},"excerpt":{"rendered":"<div class=\"mh-excerpt\">El sindicato CSIF ha conseguido dos de los tres delegados en liza en las elecciones sindical de personal funcionario que se han desarrollado en el Ayuntamiento de Tur\u00eds. De esta forma,\u00a0la central sindical consigue representaci\u00f3n\u00a0en <a class=\"mh-excerpt-more\" href=\"https:\/\/www.tucomarca.com\/wordpress\/segunda\/csif-logra-dos-de-los-tres-delegados-de-personal-funcionario-en-el-ayuntamiento-de-turis\/\" title=\"CSIF logra dos de los tres delegados de personal funcionario en el Ayuntamiento de Tur\u00eds\">[+] <\/a><\/div>\n","protected":false},"author":2,"featured_media":0,"comment_status":"open","ping_status":"open","sticky":false,"template":"","format":"standard","meta":{"footnotes":""},"categories":[8,42,3,43],"tags":[838,381,6257,3726,10394],"class_list":{"0":"post-31952","1":"post","2":"type-post","3":"status-publish","4":"format-standard","6":"category-la-comarca","7":"category-la-ribera","8":"category-seccion","9":"category-turis","10":"tag-ayuntamientos","11":"tag-csif","12":"tag-dos-delegados","13":"tag-funcionarios","14":"tag-turis"},"_links":{"self":[{"href":"https:\/\/www.tucomarca.com\/wordpress\/segunda\/wp-json\/wp\/v2\/posts\/31952","targetHints":{"allow":["GET"]}}],"collection":[{"href":"https:\/\/www.tucomarca.com\/wordpress\/segunda\/wp-json\/wp\/v2\/posts"}],"about":[{"href":"https:\/\/www.tucomarca.com\/wordpress\/segunda\/wp-json\/wp\/v2\/types\/post"}],"author":[{"embeddable":true,"href":"https:\/\/www.tucomarca.com\/wordpress\/segunda\/wp-json\/wp\/v2\/users\/2"}],"replies":[{"embeddable":true,"href":"https:\/\/www.tucomarca.com\/wordpress\/segunda\/wp-json\/wp\/v2\/comments?post=31952"}],"version-history":[{"count":0,"href":"https:\/\/www.tucomarca.com\/wordpress\/segunda\/wp-json\/wp\/v2\/posts\/31952\/revisions"}],"wp:attachment":[{"href":"https:\/\/www.tucomarca.com\/wordpress\/segunda\/wp-json\/wp\/v2\/media?parent=31952"}],"wp:term":[{"taxonomy":"category","embeddable":true,"href":"https:\/\/www.tucomarca.com\/wordpress\/segunda\/wp-json\/wp\/v2\/categories?post=31952"},{"taxonomy":"post_tag","embeddable":true,"href":"https:\/\/www.tucomarca.com\/wordpress\/segunda\/wp-json\/wp\/v2\/tags?post=31952"}],"curies":[{"name":"wp","href":"https:\/\/api.w.org\/{rel}","templated":true}]}}