{"id":32114,"date":"2014-11-05T12:36:04","date_gmt":"2014-11-05T09:36:04","guid":{"rendered":"http:\/\/www.tucomarca.com\/wordpress\/segunda\/?p=32114"},"modified":"2014-11-05T12:36:09","modified_gmt":"2014-11-05T09:36:09","slug":"el-ayuntamiento-de-benifaio-repara-el-ventanal-del-colegio-trullas","status":"publish","type":"post","link":"https:\/\/www.tucomarca.com\/wordpress\/segunda\/el-ayuntamiento-de-benifaio-repara-el-ventanal-del-colegio-trullas\/","title":{"rendered":"El Ayuntamiento de Benifai\u00f3 repara el ventanal del colegio Trull\u00e1s"},"content":{"rendered":"<p><figure id=\"attachment_32115\" aria-describedby=\"caption-attachment-32115\" style=\"width: 225px\" class=\"wp-caption alignleft\"><a href=\"https:\/\/www.tucomarca.com\/wordpress\/segunda\/2014\/11\/el-ayuntamiento-de-benifaio-repara-el-ventanal-del-colegio-trullas\/trabajos-ventana-aula-ceip-trulla%cc%81s-benifaio\/\" rel=\"attachment wp-att-32115\"><img loading=\"lazy\" decoding=\"async\" src=\"https:\/\/www.tucomarca.com\/wordpress\/segunda\/wp-content\/uploads\/2014\/11\/trabajos-ventana-aula-CEIP-Trulla\u0301s-Benifaio-225x300.jpg\" alt=\"\" title=\"trabajos ventana aula CEIP Trulla\u0301s Benifaio\" width=\"225\" height=\"300\" class=\"size-medium wp-image-32115\" srcset=\"https:\/\/www.tucomarca.com\/wordpress\/segunda\/wp-content\/uploads\/2014\/11\/trabajos-ventana-aula-CEIP-Trulla\u0301s-Benifaio-225x300.jpg 225w, https:\/\/www.tucomarca.com\/wordpress\/segunda\/wp-content\/uploads\/2014\/11\/trabajos-ventana-aula-CEIP-Trulla\u0301s-Benifaio-768x1024.jpg 768w, https:\/\/www.tucomarca.com\/wordpress\/segunda\/wp-content\/uploads\/2014\/11\/trabajos-ventana-aula-CEIP-Trulla\u0301s-Benifaio.jpg 960w\" sizes=\"auto, (max-width: 225px) 100vw, 225px\" \/><\/a><figcaption id=\"caption-attachment-32115\" class=\"wp-caption-text\">Trabajos de reparaci\u00f3n de la ventana del centro. tc.c<\/figcaption><\/figure>El Ayuntamiento de Benifai\u00f3 ha realizado esta misma semana los trabajos de reparaci\u00f3n y seguridad del ventanal que el pasado fin de semana cay\u00f3 hac\u00eda el interior de un aula de infantil del CEIP Trull\u00e1s.<br \/>\nLa concejal de educaci\u00f3n Merche G\u00f3mez ha convocado una reuni\u00f3n abierta a los padres de alumnos de Infantil del centro educativo y aquellos interesados en asistir  para informarles de la gesti\u00f3n municipal llevada a cabo en el CEIP Trull\u00e1s.<br \/>\nAdem\u00e1s G\u00f3mez informar\u00e1 en esta reuni\u00f3n de los tr\u00e1mites realizados desde el departamento de educaci\u00f3n en materia de mantenimiento en este centro educativo.<br \/>\nLa reuni\u00f3n, abierta tambi\u00e9n a los medios de comunicaci\u00f3n, tendr\u00e1 lugar este jueves 5 de noviembre a las 17,00h en el sal\u00f3n de actos de la C\u00e1mara Agraria de Benifai\u00f3.<\/p>\n","protected":false},"excerpt":{"rendered":"<div class=\"mh-excerpt\">El Ayuntamiento de Benifai\u00f3 ha realizado esta misma semana los trabajos de reparaci\u00f3n y seguridad del ventanal que el pasado fin de semana cay\u00f3 hac\u00eda el interior de un aula de infantil del CEIP Trull\u00e1s. <a class=\"mh-excerpt-more\" href=\"https:\/\/www.tucomarca.com\/wordpress\/segunda\/el-ayuntamiento-de-benifaio-repara-el-ventanal-del-colegio-trullas\/\" title=\"El Ayuntamiento de Benifai\u00f3 repara el ventanal del colegio Trull\u00e1s\">[+] <\/a><\/div>\n","protected":false},"author":2,"featured_media":32115,"comment_status":"open","ping_status":"open","sticky":false,"template":"","format":"standard","meta":{"footnotes":""},"categories":[267,128,8,3],"tags":[1115,10460,6328,1980,1159,6327],"class_list":{"0":"post-32114","1":"post","2":"type-post","3":"status-publish","4":"format-standard","5":"has-post-thumbnail","7":"category-benifaio","8":"category-infraestructuras","9":"category-la-comarca","10":"category-seccion","11":"tag-ayuntamiento","12":"tag-benifaio","13":"tag-colegio-trullas","14":"tag-mantenimiento","15":"tag-reparacion","16":"tag-ventanal"},"_links":{"self":[{"href":"https:\/\/www.tucomarca.com\/wordpress\/segunda\/wp-json\/wp\/v2\/posts\/32114","targetHints":{"allow":["GET"]}}],"collection":[{"href":"https:\/\/www.tucomarca.com\/wordpress\/segunda\/wp-json\/wp\/v2\/posts"}],"about":[{"href":"https:\/\/www.tucomarca.com\/wordpress\/segunda\/wp-json\/wp\/v2\/types\/post"}],"author":[{"embeddable":true,"href":"https:\/\/www.tucomarca.com\/wordpress\/segunda\/wp-json\/wp\/v2\/users\/2"}],"replies":[{"embeddable":true,"href":"https:\/\/www.tucomarca.com\/wordpress\/segunda\/wp-json\/wp\/v2\/comments?post=32114"}],"version-history":[{"count":0,"href":"https:\/\/www.tucomarca.com\/wordpress\/segunda\/wp-json\/wp\/v2\/posts\/32114\/revisions"}],"wp:featuredmedia":[{"embeddable":true,"href":"https:\/\/www.tucomarca.com\/wordpress\/segunda\/wp-json\/wp\/v2\/media\/32115"}],"wp:attachment":[{"href":"https:\/\/www.tucomarca.com\/wordpress\/segunda\/wp-json\/wp\/v2\/media?parent=32114"}],"wp:term":[{"taxonomy":"category","embeddable":true,"href":"https:\/\/www.tucomarca.com\/wordpress\/segunda\/wp-json\/wp\/v2\/categories?post=32114"},{"taxonomy":"post_tag","embeddable":true,"href":"https:\/\/www.tucomarca.com\/wordpress\/segunda\/wp-json\/wp\/v2\/tags?post=32114"}],"curies":[{"name":"wp","href":"https:\/\/api.w.org\/{rel}","templated":true}]}}