{"id":3215,"date":"2012-06-08T11:37:42","date_gmt":"2012-06-08T09:37:42","guid":{"rendered":"http:\/\/www.tucomarca.com\/wordpress\/segunda\/?p=3215"},"modified":"2012-06-08T11:37:42","modified_gmt":"2012-06-08T09:37:42","slug":"el-dia-15-finaliza-el-plazo-para-inscribirse-en-el-campeonato-de-verano-de-futbol-sala-de-bunol","status":"publish","type":"post","link":"https:\/\/www.tucomarca.com\/wordpress\/segunda\/el-dia-15-finaliza-el-plazo-para-inscribirse-en-el-campeonato-de-verano-de-futbol-sala-de-bunol\/","title":{"rendered":"El d\u00eda 15 finaliza el plazo para inscribirse en el campeonato de verano de F\u00fatbol-Sala de Bu\u00f1ol"},"content":{"rendered":"<p>Desde la Concejal\u00eda de Deportes del Ayuntamiento de Bu\u00f1ol se ha informado a los equipos interesados en participar en el Campeonato de Verano de F\u00fatbol-Sala que el plazo de inscripci\u00f3n concluye el pr\u00f3ximo viernes 15 de junio. Los equipos deber\u00e1n rellenar la hoja de inscripci\u00f3n y pagar 75 euros en cualquiera de las cuentas de las que dispone el ayuntamiento, en las diferentes cajas y bancos de la poblaci\u00f3n. La hoja de inscripci\u00f3n se puede recoger en la conserjer\u00eda del Planell, adem\u00e1s de descargarse para su impresi\u00f3n desde la secci\u00f3n de tr\u00e1mites de la p\u00e1gina web del Ayuntamiento de Bu\u00f1ol\u00a0 (http:\/\/www.bunyol.es\/html\/documentos\/Inscripcion_copa_verano.pdf ).<br \/>\nTanto la hoja de inscripci\u00f3n como el resguardo del pago de los 75 euros de inscripci\u00f3n, donde debe especificar el nombre del equipo, el capit\u00e1n del mismo y la competici\u00f3n a la que se ha apuntado, deber\u00e1n entregarse nuevamente en la conserjer\u00eda del Planell. Los partidos se jugar\u00e1n por la noche, los d\u00edas entre semana de los meses de junio, julio y agosto hasta el comienzo de las fiestas locales. Habr\u00e1 trofeo para los 3 primeros clasificados, para el \u00abpichichi\u00bb de la competici\u00f3n\u00a0 y premios en met\u00e1lico para el primer y segundo clasificado, de 500 y 150 euros respectivamente.<\/p>\n","protected":false},"excerpt":{"rendered":"<div class=\"mh-excerpt\">Desde la Concejal\u00eda de Deportes del Ayuntamiento de Bu\u00f1ol se ha informado a los equipos interesados en participar en el Campeonato de Verano de F\u00fatbol-Sala que el plazo de inscripci\u00f3n concluye el pr\u00f3ximo viernes 15 <a class=\"mh-excerpt-more\" href=\"https:\/\/www.tucomarca.com\/wordpress\/segunda\/el-dia-15-finaliza-el-plazo-para-inscribirse-en-el-campeonato-de-verano-de-futbol-sala-de-bunol\/\" title=\"El d\u00eda 15 finaliza el plazo para inscribirse en el campeonato de verano de F\u00fatbol-Sala de Bu\u00f1ol\">[+] <\/a><\/div>\n","protected":false},"author":2,"featured_media":0,"comment_status":"open","ping_status":"open","sticky":false,"template":"","format":"standard","meta":{"footnotes":""},"categories":[18,6,222,10,3],"tags":[288],"class_list":{"0":"post-3215","1":"post","2":"type-post","3":"status-publish","4":"format-standard","6":"category-bunol","7":"category-deportes","8":"category-futbol-sala","9":"category-la-hoya","10":"category-seccion","11":"tag-futbol-sala-2"},"_links":{"self":[{"href":"https:\/\/www.tucomarca.com\/wordpress\/segunda\/wp-json\/wp\/v2\/posts\/3215","targetHints":{"allow":["GET"]}}],"collection":[{"href":"https:\/\/www.tucomarca.com\/wordpress\/segunda\/wp-json\/wp\/v2\/posts"}],"about":[{"href":"https:\/\/www.tucomarca.com\/wordpress\/segunda\/wp-json\/wp\/v2\/types\/post"}],"author":[{"embeddable":true,"href":"https:\/\/www.tucomarca.com\/wordpress\/segunda\/wp-json\/wp\/v2\/users\/2"}],"replies":[{"embeddable":true,"href":"https:\/\/www.tucomarca.com\/wordpress\/segunda\/wp-json\/wp\/v2\/comments?post=3215"}],"version-history":[{"count":0,"href":"https:\/\/www.tucomarca.com\/wordpress\/segunda\/wp-json\/wp\/v2\/posts\/3215\/revisions"}],"wp:attachment":[{"href":"https:\/\/www.tucomarca.com\/wordpress\/segunda\/wp-json\/wp\/v2\/media?parent=3215"}],"wp:term":[{"taxonomy":"category","embeddable":true,"href":"https:\/\/www.tucomarca.com\/wordpress\/segunda\/wp-json\/wp\/v2\/categories?post=3215"},{"taxonomy":"post_tag","embeddable":true,"href":"https:\/\/www.tucomarca.com\/wordpress\/segunda\/wp-json\/wp\/v2\/tags?post=3215"}],"curies":[{"name":"wp","href":"https:\/\/api.w.org\/{rel}","templated":true}]}}