{"id":32261,"date":"2014-11-13T19:17:55","date_gmt":"2014-11-13T16:17:55","guid":{"rendered":"http:\/\/www.tucomarca.com\/wordpress\/segunda\/?p=32261"},"modified":"2014-11-13T19:17:55","modified_gmt":"2014-11-13T16:17:55","slug":"benifaio-iniciara-la-proxima-setmana-els-treballs-per-espantar-els-estornells","status":"publish","type":"post","link":"https:\/\/www.tucomarca.com\/wordpress\/segunda\/benifaio-iniciara-la-proxima-setmana-els-treballs-per-espantar-els-estornells\/","title":{"rendered":"Benifai\u00f3 iniciar\u00e0 la pr\u00f2xima setmana els treballs per espantar els estornells"},"content":{"rendered":"<p>L&#8217;Ajuntament de Benifai\u00f3 iniciar\u00e0 la pr\u00f2xima setmana els treballs establits des del departament de medi ambient per espantar als estornells que han proliferat en gran n\u00famero a varies zones del municipi.<\/p>\n<p>Aix\u00ed a les zones de la Pla\u00e7a de l&#8217;Estaci\u00f3 i Parc Blasco Iba\u00f1ez es procedir\u00e0 a utilitzar artefacte pirot\u00e8cnic en horari vespert\u00ed per tal d&#8217;espantar estos grups d&#8217;aus.<\/p>\n<p>A m\u00e9s el consistori procedir\u00e0 a la neteja de la via per donar soluci\u00f3 als problemes de salubritat que provoquen els excrements dels estornells.<\/p>\n","protected":false},"excerpt":{"rendered":"<div class=\"mh-excerpt\">L&#8217;Ajuntament de Benifai\u00f3 iniciar\u00e0 la pr\u00f2xima setmana els treballs establits des del departament de medi ambient per espantar als estornells que han proliferat en gran n\u00famero a varies zones del municipi. Aix\u00ed a les zones <a class=\"mh-excerpt-more\" href=\"https:\/\/www.tucomarca.com\/wordpress\/segunda\/benifaio-iniciara-la-proxima-setmana-els-treballs-per-espantar-els-estornells\/\" title=\"Benifai\u00f3 iniciar\u00e0 la pr\u00f2xima setmana els treballs per espantar els estornells\">[+] <\/a><\/div>\n","protected":false},"author":2,"featured_media":0,"comment_status":"open","ping_status":"open","sticky":false,"template":"","format":"standard","meta":{"footnotes":""},"categories":[267,8,42,3],"tags":[10460,6399,2875],"class_list":{"0":"post-32261","1":"post","2":"type-post","3":"status-publish","4":"format-standard","6":"category-benifaio","7":"category-la-comarca","8":"category-la-ribera","9":"category-seccion","10":"tag-benifaio","11":"tag-espantar","12":"tag-estornells"},"_links":{"self":[{"href":"https:\/\/www.tucomarca.com\/wordpress\/segunda\/wp-json\/wp\/v2\/posts\/32261","targetHints":{"allow":["GET"]}}],"collection":[{"href":"https:\/\/www.tucomarca.com\/wordpress\/segunda\/wp-json\/wp\/v2\/posts"}],"about":[{"href":"https:\/\/www.tucomarca.com\/wordpress\/segunda\/wp-json\/wp\/v2\/types\/post"}],"author":[{"embeddable":true,"href":"https:\/\/www.tucomarca.com\/wordpress\/segunda\/wp-json\/wp\/v2\/users\/2"}],"replies":[{"embeddable":true,"href":"https:\/\/www.tucomarca.com\/wordpress\/segunda\/wp-json\/wp\/v2\/comments?post=32261"}],"version-history":[{"count":0,"href":"https:\/\/www.tucomarca.com\/wordpress\/segunda\/wp-json\/wp\/v2\/posts\/32261\/revisions"}],"wp:attachment":[{"href":"https:\/\/www.tucomarca.com\/wordpress\/segunda\/wp-json\/wp\/v2\/media?parent=32261"}],"wp:term":[{"taxonomy":"category","embeddable":true,"href":"https:\/\/www.tucomarca.com\/wordpress\/segunda\/wp-json\/wp\/v2\/categories?post=32261"},{"taxonomy":"post_tag","embeddable":true,"href":"https:\/\/www.tucomarca.com\/wordpress\/segunda\/wp-json\/wp\/v2\/tags?post=32261"}],"curies":[{"name":"wp","href":"https:\/\/api.w.org\/{rel}","templated":true}]}}