{"id":32341,"date":"2014-11-17T20:01:52","date_gmt":"2014-11-17T17:01:52","guid":{"rendered":"http:\/\/www.tucomarca.com\/wordpress\/segunda\/?p=32341"},"modified":"2014-11-17T20:01:59","modified_gmt":"2014-11-17T17:01:59","slug":"utiel-ya-dispone-de-su-aplicacion-municipal-para-moviles","status":"publish","type":"post","link":"https:\/\/www.tucomarca.com\/wordpress\/segunda\/utiel-ya-dispone-de-su-aplicacion-municipal-para-moviles\/","title":{"rendered":"Utiel ya dispone de su aplicaci\u00f3n municipal para m\u00f3viles"},"content":{"rendered":"<p><figure id=\"attachment_32342\" aria-describedby=\"caption-attachment-32342\" style=\"width: 300px\" class=\"wp-caption alignleft\"><a href=\"https:\/\/www.tucomarca.com\/wordpress\/segunda\/2014\/11\/utiel-ya-dispone-de-su-aplicacion-municipal-para-moviles\/sony-dsc-83\/\" rel=\"attachment wp-att-32342\"><img loading=\"lazy\" decoding=\"async\" src=\"https:\/\/www.tucomarca.com\/wordpress\/segunda\/wp-content\/uploads\/2014\/11\/utiel-e1416243696847-300x156.jpg\" alt=\"\" title=\"SONY DSC\" width=\"300\" height=\"156\" class=\"size-medium wp-image-32342\" srcset=\"https:\/\/www.tucomarca.com\/wordpress\/segunda\/wp-content\/uploads\/2014\/11\/utiel-e1416243696847-300x156.jpg 300w, https:\/\/www.tucomarca.com\/wordpress\/segunda\/wp-content\/uploads\/2014\/11\/utiel-e1416243696847-1024x535.jpg 1024w, https:\/\/www.tucomarca.com\/wordpress\/segunda\/wp-content\/uploads\/2014\/11\/utiel-e1416243696847.jpg 1859w\" sizes=\"auto, (max-width: 300px) 100vw, 300px\" \/><\/a><figcaption id=\"caption-attachment-32342\" class=\"wp-caption-text\">El diputado Haro y el alcalde durante la presetaci\u00f3n de la App. tc.c<\/figcaption><\/figure>El municipio de Utiel dispondr\u00e1 de una aplicaci\u00f3n (app) municipal para que sus vecinos y visitantes puedan acceder gratuita y c\u00f3modamente a toda la informaci\u00f3n del municipio desde sus dispositivos m\u00f3viles, gracias al proyecto \u201cAPP Municipal\u201d de la Diputaci\u00f3n de Valencia.<\/p>\n<p>El diputado provincial de Inform\u00e1tica, Jos\u00e9 Manuel Haro, ha presentado este mediod\u00eda en el Ayuntamiento de Utiel la app para m\u00f3viles generada por la instituci\u00f3n provincial a partir de la web del consistorio, junto con el alcalde del municipio, Jos\u00e9 Luis Ram\u00edrez.<\/p>\n<p>En el acto, al que han asistido tambi\u00e9n alcaldes y concejales de Requena y Utiel, Haro ha informado del resto de municipios de la comarca que tambi\u00e9n dispondr\u00e1n de su app municipal, al formar parte anteriormente del proyecto Portales Municipales de la Diputaci\u00f3n: Caudete de las Fuentes, Chera, Fuenterrobles, Requena, Sinarcas, Venta del Moro y Villargordo del Cabriel.<\/p>\n<p>La Diputaci\u00f3n, a trav\u00e9s del proyecto provincial \u201cAPP Municipal\u201d desarrollar\u00e1 las app informativas de 172 municipios de toda la provincia, a partir de la informaci\u00f3n que los ayuntamientos publican en sus propios portales web, contenidos que se renovar\u00e1n seg\u00fan se modifiquen en la web municipal.<\/p>\n<p>\u201cLa corporaci\u00f3n provincial ha hecho ya la inversi\u00f3n, ahora hay que aprovechar al m\u00e1ximo esta oportunidad para dar una expansi\u00f3n exponencial a la informaci\u00f3n local por parte de todos los consistorios\u201d, ha destacado Haro.<\/p>\n<p>Mayor accesibilidad<\/p>\n<p>\u201cCon esta experiencia pionera en Espa\u00f1a, por el volumen de localidades que se abordar\u00e1n de una sola vez, la Diputaci\u00f3n apuesta por un reto tecnol\u00f3gico que supone la transformaci\u00f3n de los portales web municipales en aplicaciones gratuitas, que dan una mayor accesibilidad a los contenidos de las p\u00e1ginas municipales de internet\u201d, ha explicado.<\/p>\n<p>Los municipios consiguen con este proyecto importantes ahorros, al no tener que hacer frente a los costes asociados con la programaci\u00f3n de su portal web, como en el coste del hosting o alojamiento web del portal municipal que puede superar los mil euros anuales, y tambi\u00e9n ahorros en administraci\u00f3n de sistemas, gesti\u00f3n de incidencias, seguridad o equipamiento, que conlleva la presencia en internet.<\/p>\n<p>\u201cDe esta forma, la Diputaci\u00f3n da respuesta a una necesidad planteada por numerosos ayuntamientos, al tiempo que pone al alcance de los vecinos aquellas herramientas tecnol\u00f3gicas, que les permitan acceder a su informaci\u00f3n local de manera r\u00e1pida y sencilla, apostando por una administraci\u00f3n cercana, accesible y sobre todo, moderna\u201d, ha insistido el diputado provincial de Inform\u00e1tica.<\/p>\n<p>\u201cAdem\u00e1s, con este proyecto la instituci\u00f3n da un paso m\u00e1s en su apuesta por poner a disposici\u00f3n de los ayuntamientos herramientas que permitan afianzar su posicionamiento en internet, acercando el trabajo de la administraci\u00f3n y la informaci\u00f3n local a todos los ciudadanos\u201d.<\/p>\n<p>El alcalde de Utiel, por su parte, ha destacado que la app municipal permitir\u00e1 \u201cque los ayuntamientos nos acerquemos mucho m\u00e1s a los ciudadanos, adem\u00e1s de mejorar y modernizar nuestra gesti\u00f3n\u201d.<\/p>\n<p>Las app de cada municipio de la comarca ya est\u00e1n disponibles para su descarga gratuita a trav\u00e9s de la plataformas Google Play o Apple Store, donde se pueden obtener tras la b\u00fasqueda de \u201cAyuntamientos de Valencia\u201d.<\/p>\n","protected":false},"excerpt":{"rendered":"<div class=\"mh-excerpt\">El municipio de Utiel dispondr\u00e1 de una aplicaci\u00f3n (app) municipal para que sus vecinos y visitantes puedan acceder gratuita y c\u00f3modamente a toda la informaci\u00f3n del municipio desde sus dispositivos m\u00f3viles, gracias al proyecto \u201cAPP <a class=\"mh-excerpt-more\" href=\"https:\/\/www.tucomarca.com\/wordpress\/segunda\/utiel-ya-dispone-de-su-aplicacion-municipal-para-moviles\/\" title=\"Utiel ya dispone de su aplicaci\u00f3n municipal para m\u00f3viles\">[+] <\/a><\/div>\n","protected":false},"author":2,"featured_media":32342,"comment_status":"open","ping_status":"open","sticky":false,"template":"","format":"standard","meta":{"footnotes":""},"categories":[8,27,3,29,45],"tags":[5200,721,5871,1338,614,1279,10389],"class_list":{"0":"post-32341","1":"post","2":"type-post","3":"status-publish","4":"format-standard","5":"has-post-thumbnail","7":"category-la-comarca","8":"category-requena-utiel","9":"category-seccion","10":"category-utiel","11":"category-ventana","12":"tag-app","13":"tag-haro","14":"tag-moviles","15":"tag-municipal","16":"tag-presentacion","17":"tag-ramirez","18":"tag-utiel"},"_links":{"self":[{"href":"https:\/\/www.tucomarca.com\/wordpress\/segunda\/wp-json\/wp\/v2\/posts\/32341","targetHints":{"allow":["GET"]}}],"collection":[{"href":"https:\/\/www.tucomarca.com\/wordpress\/segunda\/wp-json\/wp\/v2\/posts"}],"about":[{"href":"https:\/\/www.tucomarca.com\/wordpress\/segunda\/wp-json\/wp\/v2\/types\/post"}],"author":[{"embeddable":true,"href":"https:\/\/www.tucomarca.com\/wordpress\/segunda\/wp-json\/wp\/v2\/users\/2"}],"replies":[{"embeddable":true,"href":"https:\/\/www.tucomarca.com\/wordpress\/segunda\/wp-json\/wp\/v2\/comments?post=32341"}],"version-history":[{"count":0,"href":"https:\/\/www.tucomarca.com\/wordpress\/segunda\/wp-json\/wp\/v2\/posts\/32341\/revisions"}],"wp:featuredmedia":[{"embeddable":true,"href":"https:\/\/www.tucomarca.com\/wordpress\/segunda\/wp-json\/wp\/v2\/media\/32342"}],"wp:attachment":[{"href":"https:\/\/www.tucomarca.com\/wordpress\/segunda\/wp-json\/wp\/v2\/media?parent=32341"}],"wp:term":[{"taxonomy":"category","embeddable":true,"href":"https:\/\/www.tucomarca.com\/wordpress\/segunda\/wp-json\/wp\/v2\/categories?post=32341"},{"taxonomy":"post_tag","embeddable":true,"href":"https:\/\/www.tucomarca.com\/wordpress\/segunda\/wp-json\/wp\/v2\/tags?post=32341"}],"curies":[{"name":"wp","href":"https:\/\/api.w.org\/{rel}","templated":true}]}}