{"id":32380,"date":"2014-11-20T11:37:38","date_gmt":"2014-11-20T08:37:38","guid":{"rendered":"http:\/\/www.tucomarca.com\/wordpress\/segunda\/?p=32380"},"modified":"2014-11-20T11:37:38","modified_gmt":"2014-11-20T08:37:38","slug":"betera-solucionara-el-problema-de-nitratos-del-agua","status":"publish","type":"post","link":"https:\/\/www.tucomarca.com\/wordpress\/segunda\/betera-solucionara-el-problema-de-nitratos-del-agua\/","title":{"rendered":"B\u00e9tera solucionar\u00e1 el problema de nitratos del agua"},"content":{"rendered":"<p>El presidente de la Diputaci\u00f3n de Valencia, Alfonso Rus, se ha reunido con el alcalde de B\u00e9tera, Germ\u00e1n Cotanda, con quien ha hablado sobre la problem\u00e1tica del agua en el n\u00facleo urbano del municipio, que registra niveles \u201cpreocupantes\u201d de nitratos.<\/p>\n<p>La Diputaci\u00f3n de Valencia ayudar\u00e1 a mejorar el estado del agua potable de los pozos municipales mediante la firma de un convenio de 200.000 euros con el que se financiar\u00e1 la actuaci\u00f3n.<\/p>\n","protected":false},"excerpt":{"rendered":"<div class=\"mh-excerpt\">El presidente de la Diputaci\u00f3n de Valencia, Alfonso Rus, se ha reunido con el alcalde de B\u00e9tera, Germ\u00e1n Cotanda, con quien ha hablado sobre la problem\u00e1tica del agua en el n\u00facleo urbano del municipio, que <a class=\"mh-excerpt-more\" href=\"https:\/\/www.tucomarca.com\/wordpress\/segunda\/betera-solucionara-el-problema-de-nitratos-del-agua\/\" title=\"B\u00e9tera solucionar\u00e1 el problema de nitratos del agua\">[+] <\/a><\/div>\n","protected":false},"author":2,"featured_media":0,"comment_status":"open","ping_status":"open","sticky":false,"template":"","format":"standard","meta":{"footnotes":""},"categories":[51,46,8,3],"tags":[416,10398,2808,6426],"class_list":{"0":"post-32380","1":"post","2":"type-post","3":"status-publish","4":"format-standard","6":"category-betera","7":"category-camp-de-turia","8":"category-la-comarca","9":"category-seccion","10":"tag-agua","11":"tag-betera","12":"tag-nitratos","13":"tag-problema"},"_links":{"self":[{"href":"https:\/\/www.tucomarca.com\/wordpress\/segunda\/wp-json\/wp\/v2\/posts\/32380","targetHints":{"allow":["GET"]}}],"collection":[{"href":"https:\/\/www.tucomarca.com\/wordpress\/segunda\/wp-json\/wp\/v2\/posts"}],"about":[{"href":"https:\/\/www.tucomarca.com\/wordpress\/segunda\/wp-json\/wp\/v2\/types\/post"}],"author":[{"embeddable":true,"href":"https:\/\/www.tucomarca.com\/wordpress\/segunda\/wp-json\/wp\/v2\/users\/2"}],"replies":[{"embeddable":true,"href":"https:\/\/www.tucomarca.com\/wordpress\/segunda\/wp-json\/wp\/v2\/comments?post=32380"}],"version-history":[{"count":0,"href":"https:\/\/www.tucomarca.com\/wordpress\/segunda\/wp-json\/wp\/v2\/posts\/32380\/revisions"}],"wp:attachment":[{"href":"https:\/\/www.tucomarca.com\/wordpress\/segunda\/wp-json\/wp\/v2\/media?parent=32380"}],"wp:term":[{"taxonomy":"category","embeddable":true,"href":"https:\/\/www.tucomarca.com\/wordpress\/segunda\/wp-json\/wp\/v2\/categories?post=32380"},{"taxonomy":"post_tag","embeddable":true,"href":"https:\/\/www.tucomarca.com\/wordpress\/segunda\/wp-json\/wp\/v2\/tags?post=32380"}],"curies":[{"name":"wp","href":"https:\/\/api.w.org\/{rel}","templated":true}]}}