{"id":32391,"date":"2014-11-21T11:45:14","date_gmt":"2014-11-21T08:45:14","guid":{"rendered":"http:\/\/www.tucomarca.com\/wordpress\/segunda\/?p=32391"},"modified":"2014-11-21T11:45:20","modified_gmt":"2014-11-21T08:45:20","slug":"el-rebost-de-la-dipu-reune-a-mas-de-un-millar-de-personas-en-chiva","status":"publish","type":"post","link":"https:\/\/www.tucomarca.com\/wordpress\/segunda\/el-rebost-de-la-dipu-reune-a-mas-de-un-millar-de-personas-en-chiva\/","title":{"rendered":"El Rebost de La Dipu re\u00fane a m\u00e1s de un millar de personas en Chiva"},"content":{"rendered":"<p><a href=\"https:\/\/www.tucomarca.com\/wordpress\/segunda\/2014\/11\/el-rebost-de-la-dipu-reune-a-mas-de-un-millar-de-personas-en-chiva\/dipu-8\/\" rel=\"attachment wp-att-32393\"><img loading=\"lazy\" decoding=\"async\" src=\"https:\/\/www.tucomarca.com\/wordpress\/segunda\/wp-content\/uploads\/2014\/11\/Dipu-300x164.jpg\" alt=\"\" title=\"Dipu\" width=\"300\" height=\"164\" class=\"alignleft size-medium wp-image-32393\" srcset=\"https:\/\/www.tucomarca.com\/wordpress\/segunda\/wp-content\/uploads\/2014\/11\/Dipu-300x164.jpg 300w, https:\/\/www.tucomarca.com\/wordpress\/segunda\/wp-content\/uploads\/2014\/11\/Dipu-1024x560.jpg 1024w\" sizes=\"auto, (max-width: 300px) 100vw, 300px\" \/><\/a>El presidente de la Diputaci\u00f3n, Alfonso Rus, ha presidido esta tarde el concurso del Rebost de la Dipu celebrado en el Teatro Astoria de Chiva con unos 1.100 asistentes y cerca de 80 recetas elaboradas con el ingrediente obligatorio de esta edici\u00f3n, que es la almendra.<\/p>\n<p>En esta segunda parada de la quinta edici\u00f3n del concurso han participado las comarcas de la Hoya de Bu\u00f1ol-Chiva y Requena-Utiel, y tal como pas\u00f3 en la primera cita celebrada en Miramar, un gran n\u00famero de autobuses llenos de vecinos de numerosos municipios de ambas comarcas llegaron a la localidad.<\/p>\n<p> El presidente de la Diputaci\u00f3n, Alfonso Rus, entreg\u00f3 el premio de la comarca de la Hoya de Bu\u00f1ol-Chiva a Asunci\u00f3n G\u00f3mez de Siete Aguas por su receta de Turr\u00f3n de Guirlache, y de Requena-Utiel a Julia Garc\u00eda de San Antonio de Requena por su plato Milhojas de chocolate y almendra.<\/p>\n<p> Junto al presidente Rus estuvo la diputada encargada del programa, Amparo Mora, el diputado provincial y alcalde de Chiva, Jos\u00e9 Manuel Haro, las diputadas Carlota Navarro y Oreto Segura, adem\u00e1s de la presidenta de Tyrius, Asunci\u00f3n Franc\u00e9s y responsables municipales de Venta del Moro, Utiel, Requena, Cheste, Dos Aguas, Tur\u00eds, Y\u00e1tova, Villargordo del Cabriel, Godelleta, Chera, Alborache, Macastre y Siete Aguas, entre otros.<\/p>\n<p>El presidente provincial reconoci\u00f3 sentirse muy feliz \u201cpor compartir una tarde con vosotros y ver el teatro tan lleno es una maravilla\u201d.<\/p>\n<p> Rus mencion\u00f3 que este concurso sirve para rescatar y reivindicar recetas antiguas puesto que \u201ctenemos que defender lo nuestro\u201d. Asimismo, apunt\u00f3 que \u201cnuestros restaurantes deber\u00edan tener postres valencianos\u201d.<\/p>\n<p> \u201cLa Diputaci\u00f3n estar\u00e1 siempre al lado de todos vosotros\u201d, concluy\u00f3 Rus.<\/p>\n<p> La diputada de Bienestar Social, Amparo Mora, afirm\u00f3 que las mujeres de estas dos comarcas son muy participativas y muy buenas cocineras.  <\/p>\n<p>\u201cEs importante compartir las recetas m\u00e1s tradicionales que hemos heredado en nuestras casas y en nuestros pueblos\u201d, ha asegurado la responsable del \u00e1rea de Bienestar Social y Sanidad.<\/p>\n<p>Asimismo, Mora quiso \u201cdar las gracias a las asociaciones locales de Tyrius que han participado muy activamente para que este certamen vuelva a ser un \u00e9xito y al presidente provincial Alfonso Rus por retomar el concurso, ya que era un reclamo de muchas mujeres\u201d.<\/p>\n<p>Por su parte, el diputado y alcalde de Chiva agradeci\u00f3 a la entidad provincial y a su presidente su entrega a los municipios de interior: \u201cLa entidad provincial est\u00e1 permanentemente preocup\u00e1ndose por las poblaciones del interior de la provincia. Alfonso Rus es el alma del progreso de cada uno de nuestros pueblos y es quien nos transmite la energ\u00eda\u201d.<\/p>\n<p>\u201cGracias presidente, s\u00e9 que vas a seguir ayud\u00e1ndonos a los que tenemos muchas posibilidades de desarrollo\u201d, dijo.<\/p>\n<p> Asunci\u00f3n Franc\u00e9s se refiri\u00f3 tambi\u00e9n a la labor que realiza la Diputaci\u00f3n de Valencia y afirm\u00f3 que \u201cel presidente Rus busca el bien de cada uno de los ciudadanos de la provincia. Es el testimonio de lo que debe ser un pol\u00edtico puesto que es capaz de hacerlo todo con poco dinero pero con mucho esfuerzo y mucho sacrificio\u201d, apunt\u00f3.<\/p>\n<p>Tras hacerse la foto de grupo las participantes y ganadoras con Alfonso Rus y Amparo Mora, se sirvi\u00f3 una merienda.<\/p>\n","protected":false},"excerpt":{"rendered":"<div class=\"mh-excerpt\">El presidente de la Diputaci\u00f3n, Alfonso Rus, ha presidido esta tarde el concurso del Rebost de la Dipu celebrado en el Teatro Astoria de Chiva con unos 1.100 asistentes y cerca de 80 recetas elaboradas <a class=\"mh-excerpt-more\" href=\"https:\/\/www.tucomarca.com\/wordpress\/segunda\/el-rebost-de-la-dipu-reune-a-mas-de-un-millar-de-personas-en-chiva\/\" title=\"El Rebost de La Dipu re\u00fane a m\u00e1s de un millar de personas en Chiva\">[+] <\/a><\/div>\n","protected":false},"author":2,"featured_media":32393,"comment_status":"open","ping_status":"open","sticky":false,"template":"","format":"standard","meta":{"footnotes":""},"categories":[16,8,72,10,3,45],"tags":[10384,6429,1153,6430,4941],"class_list":{"0":"post-32391","1":"post","2":"type-post","3":"status-publish","4":"format-standard","5":"has-post-thumbnail","7":"category-chiva","8":"category-la-comarca","9":"category-sin-categorizar","10":"category-la-hoya","11":"category-seccion","12":"category-ventana","13":"tag-chiva","14":"tag-el-rebost","15":"tag-la-dipu","16":"tag-millar","17":"tag-personas"},"_links":{"self":[{"href":"https:\/\/www.tucomarca.com\/wordpress\/segunda\/wp-json\/wp\/v2\/posts\/32391","targetHints":{"allow":["GET"]}}],"collection":[{"href":"https:\/\/www.tucomarca.com\/wordpress\/segunda\/wp-json\/wp\/v2\/posts"}],"about":[{"href":"https:\/\/www.tucomarca.com\/wordpress\/segunda\/wp-json\/wp\/v2\/types\/post"}],"author":[{"embeddable":true,"href":"https:\/\/www.tucomarca.com\/wordpress\/segunda\/wp-json\/wp\/v2\/users\/2"}],"replies":[{"embeddable":true,"href":"https:\/\/www.tucomarca.com\/wordpress\/segunda\/wp-json\/wp\/v2\/comments?post=32391"}],"version-history":[{"count":0,"href":"https:\/\/www.tucomarca.com\/wordpress\/segunda\/wp-json\/wp\/v2\/posts\/32391\/revisions"}],"wp:featuredmedia":[{"embeddable":true,"href":"https:\/\/www.tucomarca.com\/wordpress\/segunda\/wp-json\/wp\/v2\/media\/32393"}],"wp:attachment":[{"href":"https:\/\/www.tucomarca.com\/wordpress\/segunda\/wp-json\/wp\/v2\/media?parent=32391"}],"wp:term":[{"taxonomy":"category","embeddable":true,"href":"https:\/\/www.tucomarca.com\/wordpress\/segunda\/wp-json\/wp\/v2\/categories?post=32391"},{"taxonomy":"post_tag","embeddable":true,"href":"https:\/\/www.tucomarca.com\/wordpress\/segunda\/wp-json\/wp\/v2\/tags?post=32391"}],"curies":[{"name":"wp","href":"https:\/\/api.w.org\/{rel}","templated":true}]}}