{"id":32573,"date":"2014-11-29T16:32:49","date_gmt":"2014-11-29T13:32:49","guid":{"rendered":"http:\/\/www.tucomarca.com\/wordpress\/segunda\/?p=32573"},"modified":"2014-11-29T16:32:49","modified_gmt":"2014-11-29T13:32:49","slug":"representacion-de-la-isla-del-tesoro-en-chiva","status":"publish","type":"post","link":"https:\/\/www.tucomarca.com\/wordpress\/segunda\/representacion-de-la-isla-del-tesoro-en-chiva\/","title":{"rendered":"Representaci\u00f3n de \u00abLa Isla del tesoro\u00bb en Chiva"},"content":{"rendered":"<p>Este domingo 30, a las 18,30 horas,  el Astoria ofrece la representaci\u00f3n teatral infantil: \u00abLa isla del tesoro\u00bb a cargo de la compa\u00f1\u00eda Arbol\u00e9 de Arag\u00f3n, basada en la obra de Robert Stevenson para ni\u00f1os y ni\u00f1as.<\/p>\n","protected":false},"excerpt":{"rendered":"<div class=\"mh-excerpt\">Este domingo 30, a las 18,30 horas, el Astoria ofrece la representaci\u00f3n teatral infantil: \u00abLa isla del tesoro\u00bb a cargo de la compa\u00f1\u00eda Arbol\u00e9 de Arag\u00f3n, basada en la obra de Robert Stevenson para ni\u00f1os <a class=\"mh-excerpt-more\" href=\"https:\/\/www.tucomarca.com\/wordpress\/segunda\/representacion-de-la-isla-del-tesoro-en-chiva\/\" title=\"Representaci\u00f3n de \u00abLa Isla del tesoro\u00bb en Chiva\">[+] <\/a><\/div>\n","protected":false},"author":2,"featured_media":0,"comment_status":"open","ping_status":"open","sticky":false,"template":"","format":"standard","meta":{"footnotes":""},"categories":[4,3],"tags":[612,10384,6479,214],"class_list":{"0":"post-32573","1":"post","2":"type-post","3":"status-publish","4":"format-standard","6":"category-agenda","7":"category-seccion","8":"tag-astoria","9":"tag-chiva","10":"tag-la-isla-del-tesoro","11":"tag-teatro"},"_links":{"self":[{"href":"https:\/\/www.tucomarca.com\/wordpress\/segunda\/wp-json\/wp\/v2\/posts\/32573","targetHints":{"allow":["GET"]}}],"collection":[{"href":"https:\/\/www.tucomarca.com\/wordpress\/segunda\/wp-json\/wp\/v2\/posts"}],"about":[{"href":"https:\/\/www.tucomarca.com\/wordpress\/segunda\/wp-json\/wp\/v2\/types\/post"}],"author":[{"embeddable":true,"href":"https:\/\/www.tucomarca.com\/wordpress\/segunda\/wp-json\/wp\/v2\/users\/2"}],"replies":[{"embeddable":true,"href":"https:\/\/www.tucomarca.com\/wordpress\/segunda\/wp-json\/wp\/v2\/comments?post=32573"}],"version-history":[{"count":0,"href":"https:\/\/www.tucomarca.com\/wordpress\/segunda\/wp-json\/wp\/v2\/posts\/32573\/revisions"}],"wp:attachment":[{"href":"https:\/\/www.tucomarca.com\/wordpress\/segunda\/wp-json\/wp\/v2\/media?parent=32573"}],"wp:term":[{"taxonomy":"category","embeddable":true,"href":"https:\/\/www.tucomarca.com\/wordpress\/segunda\/wp-json\/wp\/v2\/categories?post=32573"},{"taxonomy":"post_tag","embeddable":true,"href":"https:\/\/www.tucomarca.com\/wordpress\/segunda\/wp-json\/wp\/v2\/tags?post=32573"}],"curies":[{"name":"wp","href":"https:\/\/api.w.org\/{rel}","templated":true}]}}