{"id":32612,"date":"2014-11-29T22:52:54","date_gmt":"2014-11-29T19:52:54","guid":{"rendered":"http:\/\/www.tucomarca.com\/wordpress\/segunda\/?p=32612"},"modified":"2014-11-29T22:52:54","modified_gmt":"2014-11-29T19:52:54","slug":"el-valencia-cf-rinde-homenaje-a-sus-origenes","status":"publish","type":"post","link":"https:\/\/www.tucomarca.com\/wordpress\/segunda\/el-valencia-cf-rinde-homenaje-a-sus-origenes\/","title":{"rendered":"El Valencia CF rinde homenaje a sus or\u00edgenes"},"content":{"rendered":"<p>Ayer viernes, durante la tarde, en pleno centro de Valencia, concretamente en la Plaza del Ayuntamiento de Valencia, tuvo lugar una doble celebraci\u00f3n del valencianismo, en el que asistieron periodistas, plantilla, cuerpo t\u00e9cnico, afici\u00f3n, etc.<\/p>\n<p>Por un lado Manolo Mas y Amadeo Salvo hicieron gala de los primeros presidentes que ha tenido el Valencia y gracias a los cuales, \u00a0\u00abeste sentimiento llamado Valencia Club de Futbol lleva 95 a\u00f1os de historia y \u00e9xito y los que quedan\u00bb, aclaraba Salvo. Posteriormente dos capitanes del equipo, Dani Parejo y Paco Alc\u00e1cer procedieron a retirar una lona que cubr\u00eda la im\u00e1gen de una placa en la que se puede leer &#8216;Km. 0&#8217; que hace referencia a donde estaba ubicado el famoso Bar Torino en el cual empez\u00f3 a escribirse las primeras l\u00edneas del VCF.<\/p>\n<div>Tras esto el club present\u00f3 la nueva tienda y \u00abla mejor tecnol\u00f3gicamente del mundo y con novedades incre\u00edbles\u00bb, explicaba Salvo tras cortar la famosa tela de la puerta para que quedas inagurada la tienda, \u00abaqu\u00ed se puede comprar cualquier producto del Valencia, con la mejor tecnolog\u00eda, en un local de dos pisos con los colores representativos del club e incluso tomarte algo durante la compra, para m\u00ed un gran acierto y un paso adelante de un club como este\u00bb, dec\u00eda el Internacional absoluto por Espa\u00f1a, Paco Alc\u00e1cer a la vez de desear que tenga \u00e9xito y esta super tienda logre muchas ventas. Nosotros les invitamos a visitarla y hacer compras.<\/div>\n<div><\/div>\n<div>Ahora el equipo deber\u00e1 pensar en el partidazo del domingo, al cual enfrentar\u00e1 al conjunto de Nuno con el Bar\u00e7a de Luis Enrique, que traer\u00e1 de vuelta a Mathieu a Mestalla y Messi jugar\u00e1 tras dos partidos buen\u00edsimos en lo que ha vuelto a romper records, por el lado local, el Valencia como aseguraba Nuno hace unas semanas, \u00abEl VCF no perder\u00e1 2 partidos seguidos esta temprada\u00bb y contando con la derrota en el derbi la semana pasada \u20142 goles a 1 a favor de los granotas\u2014 el Valencia &#8216;no le queda mas remedio&#8217; que puntuar frente a los catalanes y el t\u00e9cnico durante la semana ha entrenado con algunas novedades con respecto a su XI &#8216;ideal&#8217;. Informa Ra\u00fal Miralles Lacalle(@raulmks).<\/div>\n","protected":false},"excerpt":{"rendered":"<div class=\"mh-excerpt\">Ayer viernes, durante la tarde, en pleno centro de Valencia, concretamente en la Plaza del Ayuntamiento de Valencia, tuvo lugar una doble celebraci\u00f3n del valencianismo, en el que asistieron periodistas, plantilla, cuerpo t\u00e9cnico, afici\u00f3n, etc. <a class=\"mh-excerpt-more\" href=\"https:\/\/www.tucomarca.com\/wordpress\/segunda\/el-valencia-cf-rinde-homenaje-a-sus-origenes\/\" title=\"El Valencia CF rinde homenaje a sus or\u00edgenes\">[+] <\/a><\/div>\n","protected":false},"author":1,"featured_media":0,"comment_status":"open","ping_status":"open","sticky":false,"template":"","format":"standard","meta":{"footnotes":""},"categories":[50,6,3],"tags":[],"class_list":{"0":"post-32612","1":"post","2":"type-post","3":"status-publish","4":"format-standard","6":"category-futbol-deportes","7":"category-deportes","8":"category-seccion"},"_links":{"self":[{"href":"https:\/\/www.tucomarca.com\/wordpress\/segunda\/wp-json\/wp\/v2\/posts\/32612","targetHints":{"allow":["GET"]}}],"collection":[{"href":"https:\/\/www.tucomarca.com\/wordpress\/segunda\/wp-json\/wp\/v2\/posts"}],"about":[{"href":"https:\/\/www.tucomarca.com\/wordpress\/segunda\/wp-json\/wp\/v2\/types\/post"}],"author":[{"embeddable":true,"href":"https:\/\/www.tucomarca.com\/wordpress\/segunda\/wp-json\/wp\/v2\/users\/1"}],"replies":[{"embeddable":true,"href":"https:\/\/www.tucomarca.com\/wordpress\/segunda\/wp-json\/wp\/v2\/comments?post=32612"}],"version-history":[{"count":0,"href":"https:\/\/www.tucomarca.com\/wordpress\/segunda\/wp-json\/wp\/v2\/posts\/32612\/revisions"}],"wp:attachment":[{"href":"https:\/\/www.tucomarca.com\/wordpress\/segunda\/wp-json\/wp\/v2\/media?parent=32612"}],"wp:term":[{"taxonomy":"category","embeddable":true,"href":"https:\/\/www.tucomarca.com\/wordpress\/segunda\/wp-json\/wp\/v2\/categories?post=32612"},{"taxonomy":"post_tag","embeddable":true,"href":"https:\/\/www.tucomarca.com\/wordpress\/segunda\/wp-json\/wp\/v2\/tags?post=32612"}],"curies":[{"name":"wp","href":"https:\/\/api.w.org\/{rel}","templated":true}]}}