{"id":3271,"date":"2012-06-09T09:17:34","date_gmt":"2012-06-09T07:17:34","guid":{"rendered":"http:\/\/www.tucomarca.com\/wordpress\/segunda\/?p=3271"},"modified":"2012-06-09T09:17:34","modified_gmt":"2012-06-09T07:17:34","slug":"chiva-homenajeara-a-los-clubes-y-deportistas-de-la-localidad-en-su-i-gala-del-deporte","status":"publish","type":"post","link":"https:\/\/www.tucomarca.com\/wordpress\/segunda\/chiva-homenajeara-a-los-clubes-y-deportistas-de-la-localidad-en-su-i-gala-del-deporte\/","title":{"rendered":"Chiva homenajear\u00e1 a los clubes y deportistas de la localidad en su I Gala del Deporte"},"content":{"rendered":"<figure id=\"attachment_3272\" aria-describedby=\"caption-attachment-3272\" style=\"width: 212px\" class=\"wp-caption alignleft\"><a href=\"https:\/\/www.tucomarca.com\/wordpress\/segunda\/wp-content\/uploads\/2012\/06\/galaDEPORTE.jpg\"><img loading=\"lazy\" decoding=\"async\" class=\"size-medium wp-image-3272\" title=\"galaDEPORTE\" src=\"https:\/\/www.tucomarca.com\/wordpress\/segunda\/wp-content\/uploads\/2012\/06\/galaDEPORTE-212x300.jpg\" alt=\"Cartel de la primera gala del deporte de Chiva.\" width=\"212\" height=\"300\" srcset=\"https:\/\/www.tucomarca.com\/wordpress\/segunda\/wp-content\/uploads\/2012\/06\/galaDEPORTE-212x300.jpg 212w, https:\/\/www.tucomarca.com\/wordpress\/segunda\/wp-content\/uploads\/2012\/06\/galaDEPORTE-724x1024.jpg 724w, https:\/\/www.tucomarca.com\/wordpress\/segunda\/wp-content\/uploads\/2012\/06\/galaDEPORTE-1024x1447.jpg 1024w, https:\/\/www.tucomarca.com\/wordpress\/segunda\/wp-content\/uploads\/2012\/06\/galaDEPORTE.jpg 1181w\" sizes=\"auto, (max-width: 212px) 100vw, 212px\" \/><\/a><figcaption id=\"caption-attachment-3272\" class=\"wp-caption-text\">Cartel de la primera gala del deporte de Chiva.<\/figcaption><\/figure>\n<p>El Ayuntamiento de Chiva rendir\u00e1 homenaje, el pr\u00f3ximo viernes 15 de junio, a todos los deportistas y clubes del municipio en la I Gala del Deporte que celebrar\u00e1 en el municipio.<\/p>\n<p>El objetivo es reconocer y agradecer el esfuerzo que han realizado cada uno de ellos a lo largo de su trayectoria deportiva, llevando el nombre de Chiva en todas sus gestas deportivas.<\/p>\n<p>En el transcurso de la Gala recorrer\u00e1 el escenario una representaci\u00f3n de todas las entidades deportivas del municipio, que recibir\u00e1n un detalle por su participaci\u00f3n en el acto.<\/p>\n<p>La Gala, que tendr\u00e1 lugar en el Teatro Municipal Astoria a partir de las 20h, ser\u00e1 presentada por el conocido presentador deportivo, Paco Lloret.<\/p>\n","protected":false},"excerpt":{"rendered":"<div class=\"mh-excerpt\">El Ayuntamiento de Chiva rendir\u00e1 homenaje, el pr\u00f3ximo viernes 15 de junio, a todos los deportistas y clubes del municipio en la I Gala del Deporte que celebrar\u00e1 en el municipio. El objetivo es reconocer <a class=\"mh-excerpt-more\" href=\"https:\/\/www.tucomarca.com\/wordpress\/segunda\/chiva-homenajeara-a-los-clubes-y-deportistas-de-la-localidad-en-su-i-gala-del-deporte\/\" title=\"Chiva homenajear\u00e1 a los clubes y deportistas de la localidad en su I Gala del Deporte\">[+] <\/a><\/div>\n","protected":false},"author":1,"featured_media":3272,"comment_status":"open","ping_status":"open","sticky":false,"template":"","format":"standard","meta":{"footnotes":""},"categories":[16,6,10,199,3],"tags":[],"class_list":{"0":"post-3271","1":"post","2":"type-post","3":"status-publish","4":"format-standard","5":"has-post-thumbnail","7":"category-chiva","8":"category-deportes","9":"category-la-hoya","10":"category-polideportivo","11":"category-seccion"},"_links":{"self":[{"href":"https:\/\/www.tucomarca.com\/wordpress\/segunda\/wp-json\/wp\/v2\/posts\/3271","targetHints":{"allow":["GET"]}}],"collection":[{"href":"https:\/\/www.tucomarca.com\/wordpress\/segunda\/wp-json\/wp\/v2\/posts"}],"about":[{"href":"https:\/\/www.tucomarca.com\/wordpress\/segunda\/wp-json\/wp\/v2\/types\/post"}],"author":[{"embeddable":true,"href":"https:\/\/www.tucomarca.com\/wordpress\/segunda\/wp-json\/wp\/v2\/users\/1"}],"replies":[{"embeddable":true,"href":"https:\/\/www.tucomarca.com\/wordpress\/segunda\/wp-json\/wp\/v2\/comments?post=3271"}],"version-history":[{"count":0,"href":"https:\/\/www.tucomarca.com\/wordpress\/segunda\/wp-json\/wp\/v2\/posts\/3271\/revisions"}],"wp:featuredmedia":[{"embeddable":true,"href":"https:\/\/www.tucomarca.com\/wordpress\/segunda\/wp-json\/wp\/v2\/media\/3272"}],"wp:attachment":[{"href":"https:\/\/www.tucomarca.com\/wordpress\/segunda\/wp-json\/wp\/v2\/media?parent=3271"}],"wp:term":[{"taxonomy":"category","embeddable":true,"href":"https:\/\/www.tucomarca.com\/wordpress\/segunda\/wp-json\/wp\/v2\/categories?post=3271"},{"taxonomy":"post_tag","embeddable":true,"href":"https:\/\/www.tucomarca.com\/wordpress\/segunda\/wp-json\/wp\/v2\/tags?post=3271"}],"curies":[{"name":"wp","href":"https:\/\/api.w.org\/{rel}","templated":true}]}}