{"id":3279,"date":"2012-06-09T12:06:48","date_gmt":"2012-06-09T10:06:48","guid":{"rendered":"http:\/\/www.tucomarca.com\/wordpress\/segunda\/?p=3279"},"modified":"2012-06-09T12:06:48","modified_gmt":"2012-06-09T10:06:48","slug":"la-federacionde-bandas-se-reune-este-domingo-en-asamblea-extraordinaria-para-abordar-su-futuro","status":"publish","type":"post","link":"https:\/\/www.tucomarca.com\/wordpress\/segunda\/la-federacionde-bandas-se-reune-este-domingo-en-asamblea-extraordinaria-para-abordar-su-futuro\/","title":{"rendered":"La Federaci\u00f3nde Bandas se re\u00fane este domingo en Asamblea extraordinaria para abordar su futuro"},"content":{"rendered":"<p>La Federaci\u00f3n de Sociedades Musicales de la Comunidad Valenciana (FSMCV) afronta este domingo, 10 de junio, en el centro cultural La Rambleta de Valencia, el futuro de las sociedades musicales en una Asamblea general extraordinaria convocada \u00abpor los impagos del Consell que no ha abonado ni un euro de los 6,4 millones asignados en 2011. Adem\u00e1s, los recortes en la financiaci\u00f3n de las escuelas de m\u00fasica (-20,5%) y en otras partidas ha dejado la financiaci\u00f3n en 5,4 millones para 2012\u00bb, tal como han informado fuentes de la organizaci\u00f3n.<\/p>\n<p>\u00abSeraf\u00edn Castellano, conseller de Gobernaci\u00f3n, afirm\u00f3 en las Cortes Valencianas que este tijeretazo quedar\u00eda subsanado con una modificaci\u00f3n presupuestaria que dejar\u00eda la financiaci\u00f3n en 6,4 millones tal y como se comprometi\u00f3\u00bb, han recordado desde la FSMCV.<\/p>\n<p>As\u00ed, el presidentede la FSMCV, Josep Francesc Almer\u00eda, informar\u00e1 al colectivo en esta reuni\u00f3n, a la que est\u00e1n convocadas todas las sociedades musicales de Alicante, Castell\u00f3n y Valencia, de la situaci\u00f3n econ\u00f3mica actual, har\u00e1 una serie de recomendaciones para la gesti\u00f3n y se decidir\u00e1n las acciones a emprender.<\/p>\n<p>Asimismo, Almer\u00eda expondr\u00e1 alternativas de financiaci\u00f3n, facilitar\u00e1 informaci\u00f3n para que las sociedades musicales puedan obtener cr\u00e9ditos y pedir\u00e1 el apoyo para aprobar una serie de operaciones financieras para continuar con los distintos proyectos de la FSMCV hasta que el Consell abone la dotaci\u00f3n pendiente de 2011.<\/p>\n<p>La Asamblea est\u00e1 prevista en el Centro Cultural La Rambleta (ubicada en ek Bulevar Sur, esquina calle Pio IX, de Valencia), para este domingo, 10 de junio, a las 10,00 horas.<\/p>\n","protected":false},"excerpt":{"rendered":"<div class=\"mh-excerpt\">La Federaci\u00f3n de Sociedades Musicales de la Comunidad Valenciana (FSMCV) afronta este domingo, 10 de junio, en el centro cultural La Rambleta de Valencia, el futuro de las sociedades musicales en una Asamblea general extraordinaria <a class=\"mh-excerpt-more\" href=\"https:\/\/www.tucomarca.com\/wordpress\/segunda\/la-federacionde-bandas-se-reune-este-domingo-en-asamblea-extraordinaria-para-abordar-su-futuro\/\" title=\"La Federaci\u00f3nde Bandas se re\u00fane este domingo en Asamblea extraordinaria para abordar su futuro\">[+] <\/a><\/div>\n","protected":false},"author":1,"featured_media":3280,"comment_status":"open","ping_status":"open","sticky":false,"template":"","format":"standard","meta":{"footnotes":""},"categories":[66,72,7,3],"tags":[],"class_list":{"0":"post-3279","1":"post","2":"type-post","3":"status-publish","4":"format-standard","5":"has-post-thumbnail","7":"category-musica","8":"category-sin-categorizar","9":"category-ocio-y-cultura","10":"category-seccion"},"_links":{"self":[{"href":"https:\/\/www.tucomarca.com\/wordpress\/segunda\/wp-json\/wp\/v2\/posts\/3279","targetHints":{"allow":["GET"]}}],"collection":[{"href":"https:\/\/www.tucomarca.com\/wordpress\/segunda\/wp-json\/wp\/v2\/posts"}],"about":[{"href":"https:\/\/www.tucomarca.com\/wordpress\/segunda\/wp-json\/wp\/v2\/types\/post"}],"author":[{"embeddable":true,"href":"https:\/\/www.tucomarca.com\/wordpress\/segunda\/wp-json\/wp\/v2\/users\/1"}],"replies":[{"embeddable":true,"href":"https:\/\/www.tucomarca.com\/wordpress\/segunda\/wp-json\/wp\/v2\/comments?post=3279"}],"version-history":[{"count":0,"href":"https:\/\/www.tucomarca.com\/wordpress\/segunda\/wp-json\/wp\/v2\/posts\/3279\/revisions"}],"wp:featuredmedia":[{"embeddable":true,"href":"https:\/\/www.tucomarca.com\/wordpress\/segunda\/wp-json\/wp\/v2\/media\/3280"}],"wp:attachment":[{"href":"https:\/\/www.tucomarca.com\/wordpress\/segunda\/wp-json\/wp\/v2\/media?parent=3279"}],"wp:term":[{"taxonomy":"category","embeddable":true,"href":"https:\/\/www.tucomarca.com\/wordpress\/segunda\/wp-json\/wp\/v2\/categories?post=3279"},{"taxonomy":"post_tag","embeddable":true,"href":"https:\/\/www.tucomarca.com\/wordpress\/segunda\/wp-json\/wp\/v2\/tags?post=3279"}],"curies":[{"name":"wp","href":"https:\/\/api.w.org\/{rel}","templated":true}]}}