{"id":3283,"date":"2012-06-09T14:43:09","date_gmt":"2012-06-09T12:43:09","guid":{"rendered":"http:\/\/www.tucomarca.com\/wordpress\/segunda\/?p=3283"},"modified":"2012-06-09T18:58:37","modified_gmt":"2012-06-09T16:58:37","slug":"alfonso-rus-preside-en-chiva-el-almuerzo-de-trabajo-en-la-hoya-previo-al-congreso-provincial-del-pp","status":"publish","type":"post","link":"https:\/\/www.tucomarca.com\/wordpress\/segunda\/alfonso-rus-preside-en-chiva-el-almuerzo-de-trabajo-en-la-hoya-previo-al-congreso-provincial-del-pp\/","title":{"rendered":"Alfonso Rus preside en Chiva el almuerzo de trabajo en La Hoya previo al congreso provincial del PP"},"content":{"rendered":"<p>M\u00e1s de 200 militantes y simpatizantes han arropado este s\u00e1bado por la ma\u00f1ana al presidente del Partido Popular valenciano, Alfonso Rus, en el almuerzo de trabajo celebrado esta\u00a0 en el nuevo Hogar del Jubilado de Chiva.<\/p>\n<p>El presidente provincial del Partido Popular ha compartido mesa junto al presidente local del partido, Jos\u00e9 Manuel Haro, adem\u00e1s de Rafael Blasco y de numerosos diputados auton\u00f3micos y provinciales, alcaldes, concejales y portavoces del PP de La Hoya de Bu\u00f1ol-Chiva, de Requena-Utiel, La Canal as\u00ed como del Camp de T\u00faria, adem\u00e1s de una amplia representaci\u00f3n de Nuevas Generaciones de la provincia de Valencia.<\/p>\n<p>El objetivo del encuentro ha sido \u00abponer sobre la mesa las principales l\u00edneas de trabajo que deber seguir el partido de cara a los pr\u00f3ximos a\u00f1os\u00bb, tal como han informado fuentes del Partido Popular.<\/p>\n<p>Asimismo, esta reuni\u00f3n ha servido \u00abpara preparar el congreso provincial del Partido Popular que tendr\u00e1 lugar el pr\u00f3ximo 14 de julio en Valencia\u00bb, seg\u00fan las mismas fuentes.<\/p>\n<p>M\u00e1s informaci\u00f3n e im\u00e1genes, en la edici\u00f3n impresa de <strong>tucomarca.com<\/strong> (n\u00ba 453) para la zona, a partir del jueves 14 de junio.<\/p>\n","protected":false},"excerpt":{"rendered":"<div class=\"mh-excerpt\">M\u00e1s de 200 militantes y simpatizantes han arropado este s\u00e1bado por la ma\u00f1ana al presidente del Partido Popular valenciano, Alfonso Rus, en el almuerzo de trabajo celebrado esta\u00a0 en el nuevo Hogar del Jubilado de <a class=\"mh-excerpt-more\" href=\"https:\/\/www.tucomarca.com\/wordpress\/segunda\/alfonso-rus-preside-en-chiva-el-almuerzo-de-trabajo-en-la-hoya-previo-al-congreso-provincial-del-pp\/\" title=\"Alfonso Rus preside en Chiva el almuerzo de trabajo en La Hoya previo al congreso provincial del PP\">[+] <\/a><\/div>\n","protected":false},"author":1,"featured_media":3285,"comment_status":"open","ping_status":"open","sticky":false,"template":"","format":"standard","meta":{"footnotes":""},"categories":[46,16,70,8,10,71,142,27,45],"tags":[],"class_list":{"0":"post-3283","1":"post","2":"type-post","3":"status-publish","4":"format-standard","5":"has-post-thumbnail","7":"category-camp-de-turia","8":"category-chiva","9":"category-la-canal-de-navarres","10":"category-la-comarca","11":"category-la-hoya","12":"category-millares","13":"category-politica-la-comarca","14":"category-requena-utiel","15":"category-ventana"},"_links":{"self":[{"href":"https:\/\/www.tucomarca.com\/wordpress\/segunda\/wp-json\/wp\/v2\/posts\/3283","targetHints":{"allow":["GET"]}}],"collection":[{"href":"https:\/\/www.tucomarca.com\/wordpress\/segunda\/wp-json\/wp\/v2\/posts"}],"about":[{"href":"https:\/\/www.tucomarca.com\/wordpress\/segunda\/wp-json\/wp\/v2\/types\/post"}],"author":[{"embeddable":true,"href":"https:\/\/www.tucomarca.com\/wordpress\/segunda\/wp-json\/wp\/v2\/users\/1"}],"replies":[{"embeddable":true,"href":"https:\/\/www.tucomarca.com\/wordpress\/segunda\/wp-json\/wp\/v2\/comments?post=3283"}],"version-history":[{"count":0,"href":"https:\/\/www.tucomarca.com\/wordpress\/segunda\/wp-json\/wp\/v2\/posts\/3283\/revisions"}],"wp:featuredmedia":[{"embeddable":true,"href":"https:\/\/www.tucomarca.com\/wordpress\/segunda\/wp-json\/wp\/v2\/media\/3285"}],"wp:attachment":[{"href":"https:\/\/www.tucomarca.com\/wordpress\/segunda\/wp-json\/wp\/v2\/media?parent=3283"}],"wp:term":[{"taxonomy":"category","embeddable":true,"href":"https:\/\/www.tucomarca.com\/wordpress\/segunda\/wp-json\/wp\/v2\/categories?post=3283"},{"taxonomy":"post_tag","embeddable":true,"href":"https:\/\/www.tucomarca.com\/wordpress\/segunda\/wp-json\/wp\/v2\/tags?post=3283"}],"curies":[{"name":"wp","href":"https:\/\/api.w.org\/{rel}","templated":true}]}}