{"id":32947,"date":"2014-12-16T20:26:29","date_gmt":"2014-12-16T17:26:29","guid":{"rendered":"http:\/\/www.tucomarca.com\/wordpress\/segunda\/?p=32947"},"modified":"2014-12-16T20:26:29","modified_gmt":"2014-12-16T17:26:29","slug":"el-gobierno-de-benifaio-propondra-el-cierre-temporal-de-la-piscina-cubierta","status":"publish","type":"post","link":"https:\/\/www.tucomarca.com\/wordpress\/segunda\/el-gobierno-de-benifaio-propondra-el-cierre-temporal-de-la-piscina-cubierta\/","title":{"rendered":"El gobierno de Benifai\u00f3 propondr\u00e1 el cierre temporal de la piscina cubierta"},"content":{"rendered":"<p>El equipo de gobierno del Ayuntamiento de Benifai\u00f3 propondr\u00e1 al resto de formaciones pol\u00edticas en el pr\u00f3ximo pleno, previsto para el martes 23 de diciembre, el cierre temporal de las instalaciones de la Piscina Cubierta de Benifai\u00f3 para el 1 de enero de 2015. As\u00ed lo ha confirmado la alcaldesa del municipio Amparo Arc\u00eds tras varias reuniones mantenidas con t\u00e9cnicos y grupos pol\u00edticos.<br \/>\nLa actual empresa gestora de las instalaciones, EULEN, dejar\u00e1 de prestar servicio el 31 de diciembre, tal y c\u00f3mo ya se inform\u00f3 en la \u00faltima sesi\u00f3n plenaria. Como ha se\u00f1alado Arc\u00eds: \u201cEULEN ha ocasionado varios problemas ante un incumpliendo del contrato dejando de ejecutar el mantenimiento necesario en este tipo de instalaciones, alegando que no les era rentable la gesti\u00f3n. El \u00faltimo d\u00eda del a\u00f1o quedar\u00e1 extinguido el contrato\u201d.<br \/>\nAnte este hecho se public\u00f3 desde el consistorio un nuevo pliego de condiciones para que las empresas interesadas en gestionar la piscina cubierta de Benifai\u00f3 se pudieran presentar hasta el pasado 11 de diciembre \u201cy ninguna empresa ha presentado inter\u00e9s en esta gesti\u00f3n\u201d comenta Arc\u00eds quien alude a que este hecho \u201cpensamos que se ha producido por que en el nuevo pliego ped\u00edamos unas mejoras en las instalaciones como ampliaci\u00f3n del gimnasio, adecuaci\u00f3n del sistema de red del suministro de agua a las duchas y la reducci\u00f3n de la l\u00e1mina de agua como medida de ahorro\u201d.<br \/>\nCabe puntualizar que el actual gimnasio ubicado en estas instalaciones se trasladar\u00e1 al pabell\u00f3n municipal para que sus usuarios \u201cpuedan seguir utilizando esta infraestructura deportiva\u201d matiza Arc\u00eds.<br \/>\nLa alcaldesa de Benifai\u00f3 adelanta que el consistorio \u201casumir\u00e1 estas obras durante el cierre de las instalaciones adem\u00e1s del mantenimiento de las mismas y as\u00ed se publicar\u00e1 una vez finalizadas un nuevo pliego con mejoras ya ejecutadas para facilitar a las empresas su inter\u00e9s por la gesti\u00f3n\u201d.<br \/>\nLas obras, c\u00f3mo a\u00f1ade Amparo Arc\u00eds, \u201cse sufragar\u00e1n con los 90.000 euros que EULEN ha indemnizado al consistorio por incumpliendo de contrato, adem\u00e1s habr\u00e1 inversi\u00f3n municipal y solicitaremos subvenciones para su total ejecuci\u00f3n\u201d.<\/p>\n<p>Respecto a los 16 trabajadores que en estos momentos est\u00e1n en plantilla \u201cEULEN ser\u00e1 la encargada de indemnizarlos como trabajadores de su empresa\u201d comenta Arc\u00eds.<br \/>\nPor \u00faltimo la alcaldesa de Benifai\u00f3 se\u00f1ala que el cierre es \u201ctemporal mientras duran las obras de mejora\u201d y si todo va seg\u00fan lo previsto \u201cesperamos poder abrir de nuevo las instalaciones antes de un a\u00f1o\u201d<\/p>\n","protected":false},"excerpt":{"rendered":"<div class=\"mh-excerpt\">El equipo de gobierno del Ayuntamiento de Benifai\u00f3 propondr\u00e1 al resto de formaciones pol\u00edticas en el pr\u00f3ximo pleno, previsto para el martes 23 de diciembre, el cierre temporal de las instalaciones de la Piscina Cubierta <a class=\"mh-excerpt-more\" href=\"https:\/\/www.tucomarca.com\/wordpress\/segunda\/el-gobierno-de-benifaio-propondra-el-cierre-temporal-de-la-piscina-cubierta\/\" title=\"El gobierno de Benifai\u00f3 propondr\u00e1 el cierre temporal de la piscina cubierta\">[+] <\/a><\/div>\n","protected":false},"author":2,"featured_media":0,"comment_status":"open","ping_status":"open","sticky":false,"template":"","format":"standard","meta":{"footnotes":""},"categories":[267,8,42,3],"tags":[10460,1657,5044,2798,941],"class_list":{"0":"post-32947","1":"post","2":"type-post","3":"status-publish","4":"format-standard","6":"category-benifaio","7":"category-la-comarca","8":"category-la-ribera","9":"category-seccion","10":"tag-benifaio","11":"tag-cierre","12":"tag-gobierno-local","13":"tag-piscina-cubierta","14":"tag-propuesta"},"_links":{"self":[{"href":"https:\/\/www.tucomarca.com\/wordpress\/segunda\/wp-json\/wp\/v2\/posts\/32947","targetHints":{"allow":["GET"]}}],"collection":[{"href":"https:\/\/www.tucomarca.com\/wordpress\/segunda\/wp-json\/wp\/v2\/posts"}],"about":[{"href":"https:\/\/www.tucomarca.com\/wordpress\/segunda\/wp-json\/wp\/v2\/types\/post"}],"author":[{"embeddable":true,"href":"https:\/\/www.tucomarca.com\/wordpress\/segunda\/wp-json\/wp\/v2\/users\/2"}],"replies":[{"embeddable":true,"href":"https:\/\/www.tucomarca.com\/wordpress\/segunda\/wp-json\/wp\/v2\/comments?post=32947"}],"version-history":[{"count":0,"href":"https:\/\/www.tucomarca.com\/wordpress\/segunda\/wp-json\/wp\/v2\/posts\/32947\/revisions"}],"wp:attachment":[{"href":"https:\/\/www.tucomarca.com\/wordpress\/segunda\/wp-json\/wp\/v2\/media?parent=32947"}],"wp:term":[{"taxonomy":"category","embeddable":true,"href":"https:\/\/www.tucomarca.com\/wordpress\/segunda\/wp-json\/wp\/v2\/categories?post=32947"},{"taxonomy":"post_tag","embeddable":true,"href":"https:\/\/www.tucomarca.com\/wordpress\/segunda\/wp-json\/wp\/v2\/tags?post=32947"}],"curies":[{"name":"wp","href":"https:\/\/api.w.org\/{rel}","templated":true}]}}